{"id":2762,"date":"2020-05-24T12:17:09","date_gmt":"2020-05-24T17:17:09","guid":{"rendered":"https:\/\/encuentroinformativo.com\/?p=2762"},"modified":"2020-05-24T12:17:11","modified_gmt":"2020-05-24T17:17:11","slug":"por-pandemia-permanecen-cerrados-50-de-locales-en-los-sauces","status":"publish","type":"post","link":"https:\/\/encuentroinformativo.com.mx\/?p=2762","title":{"rendered":"Por pandemia, permanecen cerrados 50% de locales en Los Sauces"},"content":{"rendered":"\n<p><strong>Juan Arcos <\/strong><\/p>\n\n\n\n<p>Xalapa, Ver.- M\u00e1s del 50 por ciento del los locales del mercado \u201cLos Sauces\u201d fueron cerrados por la pandemia del COVID-19.<\/p>\n\n\n\n<p>De acuerdo con el administrador del mercado, Sotero Arellano Apodaca, s\u00f3lo permanecen abiertos los negocios considerados \u201cesenciales\u201d.<\/p>\n\n\n\n<p>\u201cA veces uno viene ahora pero ma\u00f1ana no viene, as\u00ed se la llevan, as\u00ed se van organizando\u201d.<\/p>\n\n\n\n<p>En el lugar hay 128 locales comerciales; sin embargo, por la contingencia sanitaria, s\u00f3lo est\u00e1n funcionando 60.<\/p>\n\n\n\n<p>El entrevistado asegur\u00f3 que se est\u00e1n aplicando las recomendaciones sanitarias emitidas por la Secretar\u00eda de Salud en el recinto comercial.<\/p>\n\n\n\n<p>Cabe recordar que el mercado se encuentra entre las calles \u00darsulo Galv\u00e1n, Hermenegildo Galeana y 7 de noviembre, en la zona centro de la ciudad.<\/p>\n\n\n\n<p>En el lugar fueron acordonados los accesos para dejar solo una puerta de entrada y salida.<\/p>\n\n\n\n<p>Adem\u00e1s, se ha exhortado a los locatarios para que usen cubrebocas y guantes.<\/p>\n\n\n\n<p>Cada negocio debe proporcionar gel antibacterial a sus clientes.<\/p>\n\n\n\n<p><\/p>\n","protected":false},"excerpt":{"rendered":"<p>Juan Arcos Xalapa, Ver.- M\u00e1s del 50 por ciento del los locales del mercado \u201cLos Sauces\u201d fueron cerrados por la pandemia del COVID-19. De acuerdo con el administrador del mercado, Sotero Arellano Apodaca, s\u00f3lo permanecen abiertos los negocios considerados \u201cesenciales\u201d. \u201cA veces uno viene ahora pero ma\u00f1ana no viene, as\u00ed se la llevan, as\u00ed se [&hellip;]<\/p>\n","protected":false},"author":1,"featured_media":2763,"comment_status":"open","ping_status":"open","sticky":false,"template":"","format":"standard","meta":{"_jetpack_memberships_contains_paid_content":false,"footnotes":""},"categories":[3],"tags":[],"class_list":["post-2762","post","type-post","status-publish","format-standard","has-post-thumbnail","hentry","category-xalapa"],"jetpack_featured_media_url":"https:\/\/encuentroinformativo.com.mx\/wp-content\/uploads\/2020\/05\/EB523EBC-6A3F-4380-9471-41EA00F92092.jpeg","jetpack_sharing_enabled":true,"jetpack_likes_enabled":true,"amp_enabled":true,"_links":{"self":[{"href":"https:\/\/encuentroinformativo.com.mx\/index.php?rest_route=\/wp\/v2\/posts\/2762","targetHints":{"allow":["GET"]}}],"collection":[{"href":"https:\/\/encuentroinformativo.com.mx\/index.php?rest_route=\/wp\/v2\/posts"}],"about":[{"href":"https:\/\/encuentroinformativo.com.mx\/index.php?rest_route=\/wp\/v2\/types\/post"}],"author":[{"embeddable":true,"href":"https:\/\/encuentroinformativo.com.mx\/index.php?rest_route=\/wp\/v2\/users\/1"}],"replies":[{"embeddable":true,"href":"https:\/\/encuentroinformativo.com.mx\/index.php?rest_route=%2Fwp%2Fv2%2Fcomments&post=2762"}],"version-history":[{"count":1,"href":"https:\/\/encuentroinformativo.com.mx\/index.php?rest_route=\/wp\/v2\/posts\/2762\/revisions"}],"predecessor-version":[{"id":2764,"href":"https:\/\/encuentroinformativo.com.mx\/index.php?rest_route=\/wp\/v2\/posts\/2762\/revisions\/2764"}],"wp:featuredmedia":[{"embeddable":true,"href":"https:\/\/encuentroinformativo.com.mx\/index.php?rest_route=\/wp\/v2\/media\/2763"}],"wp:attachment":[{"href":"https:\/\/encuentroinformativo.com.mx\/index.php?rest_route=%2Fwp%2Fv2%2Fmedia&parent=2762"}],"wp:term":[{"taxonomy":"category","embeddable":true,"href":"https:\/\/encuentroinformativo.com.mx\/index.php?rest_route=%2Fwp%2Fv2%2Fcategories&post=2762"},{"taxonomy":"post_tag","embeddable":true,"href":"https:\/\/encuentroinformativo.com.mx\/index.php?rest_route=%2Fwp%2Fv2%2Ftags&post=2762"}],"curies":[{"name":"wp","href":"https:\/\/api.w.org\/{rel}","templated":true}]}}