{"id":27623,"date":"2022-05-24T09:55:06","date_gmt":"2022-05-24T14:55:06","guid":{"rendered":"https:\/\/encuentroinformativo.com.mx\/?p=27623"},"modified":"2022-05-24T09:55:09","modified_gmt":"2022-05-24T14:55:09","slug":"y-se-cumplio-veracruz-alcanza-calificacion-de-a-en-finanzas","status":"publish","type":"post","link":"https:\/\/encuentroinformativo.com.mx\/?p=27623","title":{"rendered":"Y SE CUMPLI\u00d3: VERACRUZ ALCANZA CALIFICACI\u00d3N DE &#8220;A&#8221; EN FINANZAS"},"content":{"rendered":"\n<p><strong>ColumnaSinNombre<br>@pablojair<\/strong><\/p>\n\n\n\n<ul class=\"wp-block-list\"><li>Morenos ya hacen campa\u00f1a en Tamaulipas, pero para 2024.<\/li><li>Que se cancela Campeonato Mundial de Moton\u00e1utica en P\u00e1nuco.<\/li><li>Otro apapacho presidencial al gober en la ma\u00f1anera.<\/li><\/ul>\n\n\n\n<p>Que seg\u00fan analistas gringos, para Biden ser\u00eda una derrota pol\u00edtica la ausencia de AMLO y de Brasil en la Cumbre de Las Am\u00e9ricas\u2026 De ese peso es cabecita de algod\u00f3n.<br>&#8211;Chopenjawer<\/p>\n\n\n\n<p>Parec\u00eda una misi\u00f3n imposible, pero se logr\u00f3: finalmente Veracruz puede presumir que ya alcanz\u00f3 las m\u00e1ximas calificaciones positivas en materia de finanzas, pues este lunes se dio a conocer que la calificadora Moody&#8217;s dio a la entidad una &#8220;A-&#8220;.<\/p>\n\n\n\n<p>Traducido al buen cristiano, es algo as\u00ed como un 9.5 o 10, en una escala del 0 al 11.<\/p>\n\n\n\n<p>A principios de este mes, en conferencia de prensa, el titular de la Secretar\u00eda de Finanzas y Planeaci\u00f3n, Jos\u00e9 Luis Lima Franco, no s\u00f3lo daba a conocer la calificaci\u00f3n de HR Ratings de BBB+ (algo as\u00ed como un 9), sino que pronosticaba que las restantes firmas dar\u00edan una mejor calificaci\u00f3n este a\u00f1o\u2026 y se cumpli\u00f3: ahora fue Moody\u2019s.<\/p>\n\n\n\n<p>La otra tercera calificadora que falta por emitir es Fitch Ratings, que en 2021 mantuvo en BBB+ a Veracruz.<\/p>\n\n\n\n<p>El pasado 2 de mayo escrib\u00eda en este mismo espacio que muchas veces no se entiende ese contexto de los dict\u00e1menes de las calificadoras financieras; que pareciera algo muy dif\u00edcil de comprender, pero en realidad es bastante simple: son despachos que, de acuerdo a informaci\u00f3n de tipo financiero, le dan una calificaci\u00f3n a entidades privadas o p\u00fablicas que pueden ir desde muy negativas hasta muy positivas; que esas calificaciones son consultadas por quienes desean invertir para ver si es factible. Una mala calificaci\u00f3n, aleja inversiones porque no es confiable la entidad; una opini\u00f3n positiva genera confianza.<\/p>\n\n\n\n<p>En una escala diferente, es como el mentado bur\u00f3 de cr\u00e9dito; si debes, pues nadie te va a creer que eres un buen pagador; si tienes buen historial, tienes facilidades para acceso a cr\u00e9ditos bancarios, hipotecarios, etc.<\/p>\n\n\n\n<p>Esa es la importancia de la calificaci\u00f3n positiva que le dan a Veracruz: la segunda en el a\u00f1o.<\/p>\n\n\n\n<p>Y no es para menos: son muy buenas noticias para un \u00e1rea del gobierno que apenas hace 5 a\u00f1os estaba en la lona, producto de un mal manejo de finanzas desde los \u00faltimos dos gobiernos pri\u00edstas y el mini-gobierno de Yunes que de plano no pudo hacer nada.<\/p>\n\n\n\n<p>Seg\u00fan comunicado emitido por el Gobierno de Veracruz: \u201cLa calificadora proyecta que el presente a\u00f1o y en 2023 las entradas y participaciones sigan creciendo e incluso haya super\u00e1vits operativos resistentes a la inflaci\u00f3n. Tambi\u00e9n estima una reducci\u00f3n gradual de las cuentas de orden y adeudos acumulados en administraciones anteriores\u201d.<\/p>\n\n\n\n<p>\u201cSi Veracruz mantiene balances positivos y mayores a lo esperado, niveles de endeudamiento estables con una dependencia cada vez menor al financiamiento de corto plazo, mientras contin\u00faa depurando pasivos, las calificaciones podr\u00edan tener presi\u00f3n al alza\u201d, subraya.<\/p>\n\n\n\n<p>\u201cTodo ello, sumado al control en ciertos rubros del gasto operativo y la aplicaci\u00f3n de un Plan de Austeridad, consolida el perfil crediticio de Veracruz y le permitir\u00e1 alcanzar la calificaci\u00f3n AAA+ en esta administraci\u00f3n\u201d.<\/p>\n\n\n\n<p>Ojal\u00e1 as\u00ed sea. Mientras, muy buenas noticias para el estado en esa materia.<\/p>\n\n\n\n<p><strong>NOTA PARA PEGAR EN EL REFRI:<\/strong> Los &#8220;morenos&#8221; andan tan tranquilos con el tema de las pr\u00f3ximas elecciones estatales (seg\u00fan las \u00faltimas cifras, s\u00f3lo perder\u00edan Durango y Aguascalientes), que ya andan haciendo campa\u00f1a, pero para la presidencial del 2024\u2026 Por algo apareci\u00f3 la jefa de Gobierno de la CDMX, Claudia Sheinbaum, all\u00e1 en el norte\u00f1o estado de Tamaulipas, donde expres\u00f3 que M\u00e9xico ya est\u00e1 listo para tener una presidenta\u2026 En el mismo evento tambi\u00e9n fue acompa\u00f1ada por el gobernador Cuitl\u00e1huac Garc\u00eda, quien ya no tarda en tener un vecino tamaulipeco del mismo partido, seg\u00fan las \u00faltimas encuestas\u2026 Por cierto, en el caso de Durango la competencia se cerr\u00f3 en los \u00faltimos d\u00edas, as\u00ed que Morena puede dar la sorpresa en ese estado\u2026 La que de plano ya sali\u00f3 a decir que Morena se va a robar la elecci\u00f3n en Hidalgo fue la pri\u00edsta Carolina Viggiano, pero m\u00e1s en una actitud de amarrarse el dedo ante una eventual y aplastante derrota.<\/p>\n\n\n\n<p><strong>OTRA NOTA: <\/strong>Que seg\u00fan bolet\u00edn de la Federaci\u00f3n Mexicana de Moton\u00e1uticas, ya fue cancelado el evento del Campeonato Mundial de Fuera de Borda 2022 que se ten\u00eda programado en P\u00e1nuco del 2 al 12 de junio\u2026 En carta enviada al gobernador (con copia al secre de Gobierno, Eric Cisneros), de la cual hay acuse de recibo en la representaci\u00f3n del Gobierno del Estado en la Ciudad de M\u00e9xico con fecha de 20 de mayo de este a\u00f1o, el presidente de dicha federaci\u00f3n, Eduardo Lucio Sarabia Loo, adjunta el comunicado dando detalles que b\u00e1sicamente se enfocan en la falta de cumplimientos y reglas que establece la Union Internationale Motonautique (UIM, aval de dicho campeonato mundial fallido)\u2026 El asunto fue que no se entreg\u00f3 con tres meses de anticipaci\u00f3n a tal carrera el programa detallado del evento con la finalidad de darlo a conocer a los pa\u00edses participantes\u2026 Tampoco se propuso a una persona de otra nacionalidad para ser avalado y que act\u00fae como Juez comisionado\u2026 Y mucho menos se cubri\u00f3 el importe que cubre, por ejemplo, el env\u00edo de las medallas para los primeros lugares de cada categor\u00eda\u2026 &#8220;Al no haberse cumplido ninguno de los acuerdos por parte del Club Organizador (Club Moton\u00e1utico del Golfo A.C.) el 10 de abril y a menos de dos meses de la carrera, la FMM inform\u00f3 de la situaci\u00f3n a la UIM solicitando su cancelaci\u00f3n, de la cual se recibi\u00f3 respuesta en ese sentido y procedi\u00f3 a retirar de su calendario e Informar por medio de su p\u00e1gina WEB dicha cancelaci\u00f3n&#8221;\u2026 Ac\u00e1 en Xalapa dicen que igual en una de esas se improvisa con un &#8220;bomberazo&#8221; y se rentan lanchas de Tlacotalpan de \u00faltima hora; o en una de esas hasta llevan a &#8220;El Cuenque\u00f1o&#8221; y le meten motor de avi\u00f3n\u2026<\/p>\n\n\n\n<p><strong>LA \u00daLTIMA PORQUE TORTAS DE LA EFI:<\/strong> &#8220;A \u00e9l le tenemos plena confianza. Es de los mejores gobernadores del pa\u00eds y de los mejores gobernadores que ha tenido Veracruz; en el caso de Veracruz ha habido muy malos gobernantes y llevaba mucho tiempo que no hab\u00eda un buen gobernador como Cuitl\u00e1huac; porque puro gobernador ventajoso, no quiero decirlo fuerte, la verdad, que llegaban al cargo a enriquecerse: hac\u00edan enormes fortunas y mansiones y yates y departamentos en el extranjero, durante bastante tiempo; y para m\u00ed es muy satisfactorio que haya en Veracruz un gobernante honesto: me recuerda \u2013a otro nivel, desde luego\u2013 a Don Adolfo Ruiz Cortines, que fue un presidente honesto, veracruzano; eso es important\u00edsimo&#8221;\u2026 Lo dijo el &#8220;preciso&#8221; en la &#8220;ma\u00f1anera&#8221; de este lunes.<\/p>\n","protected":false},"excerpt":{"rendered":"<p>ColumnaSinNombre@pablojair Morenos ya hacen campa\u00f1a en Tamaulipas, pero para 2024. Que se cancela Campeonato Mundial de Moton\u00e1utica en P\u00e1nuco. Otro apapacho presidencial al gober en la ma\u00f1anera. Que seg\u00fan analistas gringos, para Biden ser\u00eda una derrota pol\u00edtica la ausencia de AMLO y de Brasil en la Cumbre de Las Am\u00e9ricas\u2026 De ese peso es cabecita [&hellip;]<\/p>\n","protected":false},"author":1,"featured_media":488,"comment_status":"open","ping_status":"open","sticky":false,"template":"","format":"standard","meta":{"_jetpack_memberships_contains_paid_content":false,"footnotes":""},"categories":[11],"tags":[],"class_list":["post-27623","post","type-post","status-publish","format-standard","has-post-thumbnail","hentry","category-opinion"],"jetpack_featured_media_url":"https:\/\/encuentroinformativo.com.mx\/wp-content\/uploads\/2020\/03\/F471F608-BA1A-416B-BA7B-BCFB24F4E6D0.jpeg","jetpack_sharing_enabled":true,"jetpack_likes_enabled":true,"amp_enabled":true,"_links":{"self":[{"href":"https:\/\/encuentroinformativo.com.mx\/index.php?rest_route=\/wp\/v2\/posts\/27623","targetHints":{"allow":["GET"]}}],"collection":[{"href":"https:\/\/encuentroinformativo.com.mx\/index.php?rest_route=\/wp\/v2\/posts"}],"about":[{"href":"https:\/\/encuentroinformativo.com.mx\/index.php?rest_route=\/wp\/v2\/types\/post"}],"author":[{"embeddable":true,"href":"https:\/\/encuentroinformativo.com.mx\/index.php?rest_route=\/wp\/v2\/users\/1"}],"replies":[{"embeddable":true,"href":"https:\/\/encuentroinformativo.com.mx\/index.php?rest_route=%2Fwp%2Fv2%2Fcomments&post=27623"}],"version-history":[{"count":1,"href":"https:\/\/encuentroinformativo.com.mx\/index.php?rest_route=\/wp\/v2\/posts\/27623\/revisions"}],"predecessor-version":[{"id":27624,"href":"https:\/\/encuentroinformativo.com.mx\/index.php?rest_route=\/wp\/v2\/posts\/27623\/revisions\/27624"}],"wp:featuredmedia":[{"embeddable":true,"href":"https:\/\/encuentroinformativo.com.mx\/index.php?rest_route=\/wp\/v2\/media\/488"}],"wp:attachment":[{"href":"https:\/\/encuentroinformativo.com.mx\/index.php?rest_route=%2Fwp%2Fv2%2Fmedia&parent=27623"}],"wp:term":[{"taxonomy":"category","embeddable":true,"href":"https:\/\/encuentroinformativo.com.mx\/index.php?rest_route=%2Fwp%2Fv2%2Fcategories&post=27623"},{"taxonomy":"post_tag","embeddable":true,"href":"https:\/\/encuentroinformativo.com.mx\/index.php?rest_route=%2Fwp%2Fv2%2Ftags&post=27623"}],"curies":[{"name":"wp","href":"https:\/\/api.w.org\/{rel}","templated":true}]}}