{"id":27638,"date":"2022-05-24T11:53:56","date_gmt":"2022-05-24T16:53:56","guid":{"rendered":"https:\/\/encuentroinformativo.com.mx\/?p=27638"},"modified":"2022-05-24T11:54:00","modified_gmt":"2022-05-24T16:54:00","slug":"dos-anos-despues-arranca-segunda-etapa-de-obra-en-tlalixcoyan","status":"publish","type":"post","link":"https:\/\/encuentroinformativo.com.mx\/?p=27638","title":{"rendered":"Dos a\u00f1os despu\u00e9s arranca segunda etapa de obra en Tlalixcoyan"},"content":{"rendered":"\n<p><strong>Alejandro \u00c1vila<\/strong><\/p>\n\n\n\n<p>Tlalixcoyan, Ver.- La pandemia trunc\u00f3 el proyecto de pavimentaci\u00f3n en la localidad de La Caldera del municipio de Tlalixcoyan; mismo que fue reiniciado este lunes por la alcaldesa Elvia Illescas Loyo, quien sorpresivamente tuvo como invitada a la priista Anil\u00fa Ingram Vallines.<\/p>\n\n\n\n<p>La pavimentaci\u00f3n de la calle Matamoros beneficiar\u00e1 a casi 3 mil ciudadanos, adem\u00e1s es la v\u00eda principal donde transitan los habitantes de La Caldera, Paso de la Boca y El Cocuite, en ese camino tambi\u00e9n se encuentran diversas escuelas y comercios.<\/p>\n\n\n\n<p>La edil panista dijo que, con estas labores se dar\u00e1 continuidad a la primera etapa ejecutada en agosto de 2020; aclarando que, todav\u00eda falta por ejecutar la tercera y \u00faltima parte del camino, que se tiene contemplada concluir antes de que culmine su administraci\u00f3n.<\/p>\n\n\n\n<p>\u201cHoy, tenemos como testigo de nuestro esfuerzo a la diputada Anil\u00fa Ingram Vallines, a quien \u2013a nombre de nuestro municipio- le agradezco profundamente su inter\u00e9s en esta regi\u00f3n y por ser una mujer sensible y sin distingos (..) Hago un atento llamado para que todas y todos \u201cCaminemos Juntos\u201d hacia una misma direcci\u00f3n, dirigiendo nuestra causa por la v\u00eda del bien com\u00fan, sin colores ni divisiones, pues s\u00f3lo de esta forma estaremos garantizando la ruta del progreso de nuestra gente, de nuestro amado Talixcoyan\u201d, extern\u00f3 la alcaldesa.<\/p>\n\n\n\n<p>Por su parte, la legisladora veracruzana agradeci\u00f3 la hospitalidad y el arduo trabajo de la alcaldesa, al reconocer el orgullo y el esfuerzo de las mujeres tlalixcoyanas por el progreso de su tierra, por lo que convoc\u00f3 a las y los asistentes a hacer equipo por el municipio, el estado y el pa\u00eds, con convicci\u00f3n, coraz\u00f3n y humildad.<\/p>\n\n\n\n<p>\u201cMe da mucho gusto, me da mucho orgullo y quiero reconocer a mi amiga Elvia Illescas Loyo por cumplir esos compromisos, pero, sobre todo, por hacer llegar a congregaciones como La Caldera de obras tan elementales como la que hoy amablemente me permite ser parte (..) Como tampoco se dobla nuestra presidenta municipal que tambi\u00e9n yo la he visto tocar puertas en el Congreso Local, tocar puertas en el Congreso federal, estar haciendo lo propio y hablar por su gente\u201d, dijo Ingram Vallines.<\/p>\n\n\n\n<figure class=\"wp-block-image size-large\"><img loading=\"lazy\" decoding=\"async\" width=\"1024\" height=\"695\" src=\"https:\/\/encuentroinformativo.com.mx\/wp-content\/uploads\/2022\/05\/0952278B-8547-42EC-82A1-C6C054A03C96-1024x695.jpeg\" alt=\"\" class=\"wp-image-27639\" srcset=\"https:\/\/encuentroinformativo.com.mx\/wp-content\/uploads\/2022\/05\/0952278B-8547-42EC-82A1-C6C054A03C96-1024x695.jpeg 1024w, https:\/\/encuentroinformativo.com.mx\/wp-content\/uploads\/2022\/05\/0952278B-8547-42EC-82A1-C6C054A03C96-300x204.jpeg 300w, https:\/\/encuentroinformativo.com.mx\/wp-content\/uploads\/2022\/05\/0952278B-8547-42EC-82A1-C6C054A03C96-768x521.jpeg 768w, https:\/\/encuentroinformativo.com.mx\/wp-content\/uploads\/2022\/05\/0952278B-8547-42EC-82A1-C6C054A03C96.jpeg 1109w\" sizes=\"auto, (max-width: 1024px) 100vw, 1024px\" \/><\/figure>\n","protected":false},"excerpt":{"rendered":"<p>Alejandro \u00c1vila Tlalixcoyan, Ver.- La pandemia trunc\u00f3 el proyecto de pavimentaci\u00f3n en la localidad de La Caldera del municipio de Tlalixcoyan; mismo que fue reiniciado este lunes por la alcaldesa Elvia Illescas Loyo, quien sorpresivamente tuvo como invitada a la priista Anil\u00fa Ingram Vallines. La pavimentaci\u00f3n de la calle Matamoros beneficiar\u00e1 a casi 3 mil [&hellip;]<\/p>\n","protected":false},"author":1,"featured_media":27637,"comment_status":"open","ping_status":"open","sticky":false,"template":"","format":"standard","meta":{"_jetpack_memberships_contains_paid_content":false,"footnotes":""},"categories":[2],"tags":[],"class_list":["post-27638","post","type-post","status-publish","format-standard","has-post-thumbnail","hentry","category-estado"],"jetpack_featured_media_url":"https:\/\/encuentroinformativo.com.mx\/wp-content\/uploads\/2022\/05\/DC049547-3F30-4CA4-A3B3-4009E86BFF55.jpeg","jetpack_sharing_enabled":true,"jetpack_likes_enabled":true,"amp_enabled":true,"_links":{"self":[{"href":"https:\/\/encuentroinformativo.com.mx\/index.php?rest_route=\/wp\/v2\/posts\/27638","targetHints":{"allow":["GET"]}}],"collection":[{"href":"https:\/\/encuentroinformativo.com.mx\/index.php?rest_route=\/wp\/v2\/posts"}],"about":[{"href":"https:\/\/encuentroinformativo.com.mx\/index.php?rest_route=\/wp\/v2\/types\/post"}],"author":[{"embeddable":true,"href":"https:\/\/encuentroinformativo.com.mx\/index.php?rest_route=\/wp\/v2\/users\/1"}],"replies":[{"embeddable":true,"href":"https:\/\/encuentroinformativo.com.mx\/index.php?rest_route=%2Fwp%2Fv2%2Fcomments&post=27638"}],"version-history":[{"count":1,"href":"https:\/\/encuentroinformativo.com.mx\/index.php?rest_route=\/wp\/v2\/posts\/27638\/revisions"}],"predecessor-version":[{"id":27640,"href":"https:\/\/encuentroinformativo.com.mx\/index.php?rest_route=\/wp\/v2\/posts\/27638\/revisions\/27640"}],"wp:featuredmedia":[{"embeddable":true,"href":"https:\/\/encuentroinformativo.com.mx\/index.php?rest_route=\/wp\/v2\/media\/27637"}],"wp:attachment":[{"href":"https:\/\/encuentroinformativo.com.mx\/index.php?rest_route=%2Fwp%2Fv2%2Fmedia&parent=27638"}],"wp:term":[{"taxonomy":"category","embeddable":true,"href":"https:\/\/encuentroinformativo.com.mx\/index.php?rest_route=%2Fwp%2Fv2%2Fcategories&post=27638"},{"taxonomy":"post_tag","embeddable":true,"href":"https:\/\/encuentroinformativo.com.mx\/index.php?rest_route=%2Fwp%2Fv2%2Ftags&post=27638"}],"curies":[{"name":"wp","href":"https:\/\/api.w.org\/{rel}","templated":true}]}}