{"id":27644,"date":"2022-05-24T12:52:23","date_gmt":"2022-05-24T17:52:23","guid":{"rendered":"https:\/\/encuentroinformativo.com.mx\/?p=27644"},"modified":"2022-05-24T12:52:27","modified_gmt":"2022-05-24T17:52:27","slug":"impulsa-ayuntamiento-creacion-de-empleos-en-boca-del-rio","status":"publish","type":"post","link":"https:\/\/encuentroinformativo.com.mx\/?p=27644","title":{"rendered":"Impulsa Ayuntamiento creaci\u00f3n de empleos en Boca del R\u00edo"},"content":{"rendered":"\n<p><strong>Alejandro \u00c1vila<\/strong><\/p>\n\n\n\n<p>Boca del R\u00edo, Ver.- Casi mil personas por mes han obtenido empleo en el municipio de Boca del R\u00edo durante los \u00faltimos cinco meses, destac\u00f3 el alcalde Juan Manuel Unanue Abascal.<\/p>\n\n\n\n<p>El edil panista puntualiz\u00f3 que, entre la Bolsa de Trabajo que oferta diariamente el Ayuntamiento de Boca del R\u00edo, y las dos Ferias del Empleo han organizado a la fecha; 4 mil boque\u00f1os han obtenido un empleo nuevo y bien remunerado.<\/p>\n\n\n\n<p>&#8220;Estamos hablando de que, tanto en la primera feria, c\u00f3mo en la bolsa de trabajo, llevamos m\u00e1s de mil personas colocadas con un buen empleo, y m\u00e1s de 2 700 oportunidades laborales del d\u00eda de hoy. Tenemos ya en casi 5 meses de gobierno, 4 mil empleos seguros ofertados&#8221;, subray\u00f3.<\/p>\n\n\n\n<p>El presidente municipal de Boca del R\u00edo asegur\u00f3 qu\u00e9, esta es una de las probidades de su administraci\u00f3n, reducir la tasa de desempleo qu\u00e9 dej\u00f3 la pandemia de COVID-19.<\/p>\n\n\n\n<p>En otro tema y para finalizar dijo que, ser\u00e1 la pr\u00f3xima semana cu\u00e1ndo se comiencen a instalar las gradas y el escenario en el bulevar &#8220;Vicente Fox&#8221;, para la edici\u00f3n 2022 del Festival de la Salsa.<\/p>\n","protected":false},"excerpt":{"rendered":"<p>Alejandro \u00c1vila Boca del R\u00edo, Ver.- Casi mil personas por mes han obtenido empleo en el municipio de Boca del R\u00edo durante los \u00faltimos cinco meses, destac\u00f3 el alcalde Juan Manuel Unanue Abascal. El edil panista puntualiz\u00f3 que, entre la Bolsa de Trabajo que oferta diariamente el Ayuntamiento de Boca del R\u00edo, y las dos [&hellip;]<\/p>\n","protected":false},"author":1,"featured_media":27645,"comment_status":"open","ping_status":"open","sticky":false,"template":"","format":"standard","meta":{"_jetpack_memberships_contains_paid_content":false,"footnotes":""},"categories":[2],"tags":[],"class_list":["post-27644","post","type-post","status-publish","format-standard","has-post-thumbnail","hentry","category-estado"],"jetpack_featured_media_url":"https:\/\/encuentroinformativo.com.mx\/wp-content\/uploads\/2022\/05\/1585A3BD-D34B-46B0-8C44-214FEC06BE16.jpeg","jetpack_sharing_enabled":true,"jetpack_likes_enabled":true,"amp_enabled":true,"_links":{"self":[{"href":"https:\/\/encuentroinformativo.com.mx\/index.php?rest_route=\/wp\/v2\/posts\/27644","targetHints":{"allow":["GET"]}}],"collection":[{"href":"https:\/\/encuentroinformativo.com.mx\/index.php?rest_route=\/wp\/v2\/posts"}],"about":[{"href":"https:\/\/encuentroinformativo.com.mx\/index.php?rest_route=\/wp\/v2\/types\/post"}],"author":[{"embeddable":true,"href":"https:\/\/encuentroinformativo.com.mx\/index.php?rest_route=\/wp\/v2\/users\/1"}],"replies":[{"embeddable":true,"href":"https:\/\/encuentroinformativo.com.mx\/index.php?rest_route=%2Fwp%2Fv2%2Fcomments&post=27644"}],"version-history":[{"count":1,"href":"https:\/\/encuentroinformativo.com.mx\/index.php?rest_route=\/wp\/v2\/posts\/27644\/revisions"}],"predecessor-version":[{"id":27646,"href":"https:\/\/encuentroinformativo.com.mx\/index.php?rest_route=\/wp\/v2\/posts\/27644\/revisions\/27646"}],"wp:featuredmedia":[{"embeddable":true,"href":"https:\/\/encuentroinformativo.com.mx\/index.php?rest_route=\/wp\/v2\/media\/27645"}],"wp:attachment":[{"href":"https:\/\/encuentroinformativo.com.mx\/index.php?rest_route=%2Fwp%2Fv2%2Fmedia&parent=27644"}],"wp:term":[{"taxonomy":"category","embeddable":true,"href":"https:\/\/encuentroinformativo.com.mx\/index.php?rest_route=%2Fwp%2Fv2%2Fcategories&post=27644"},{"taxonomy":"post_tag","embeddable":true,"href":"https:\/\/encuentroinformativo.com.mx\/index.php?rest_route=%2Fwp%2Fv2%2Ftags&post=27644"}],"curies":[{"name":"wp","href":"https:\/\/api.w.org\/{rel}","templated":true}]}}