{"id":27651,"date":"2022-05-24T13:50:24","date_gmt":"2022-05-24T18:50:24","guid":{"rendered":"https:\/\/encuentroinformativo.com.mx\/?p=27651"},"modified":"2022-05-24T13:50:28","modified_gmt":"2022-05-24T18:50:28","slug":"rechazan-usuarios-cobro-de-fomento-a-la-educacion-en-emplacamiento","status":"publish","type":"post","link":"https:\/\/encuentroinformativo.com.mx\/?p=27651","title":{"rendered":"Rechazan usuarios cobro de \u201cfomento a la educaci\u00f3n\u201d en emplacamiento"},"content":{"rendered":"\n<p><strong>Juan Arcos <\/strong><\/p>\n\n\n\n<p>Boca del R\u00edo, Ver.- Conductores de la zona conurbada Veracruz-Boca del R\u00edo denunciaron una serie de anomal\u00edas en el proceso para el emplacamiento de sus veh\u00edculos, cuyo tr\u00e1mite se realiza en el World Trade Center de Boca del R\u00edo.<\/p>\n\n\n\n<p>El se\u00f1or Alfonso Garc\u00eda L\u00f3pez, de 60 a\u00f1os, lleg\u00f3 al sitio desde las seis de la ma\u00f1ana y tard\u00f3 m\u00e1s de seis horas en ser atendido.<\/p>\n\n\n\n<p>El adulto mayor pag\u00f3 un total de 2 mil 229 pesos para adquirir las placas del gobierno del estado, monto que resulta elevado para los usuarios.<\/p>\n\n\n\n<p>Adem\u00e1s, acus\u00f3 las autoridades estatales impusieron el pago de 290 pesos con 74 centavos por concepto de \u201cfomento a la educaci\u00f3n\u201d.<\/p>\n\n\n\n<p>Sin embargo, se pronunci\u00f3 en contra de que dicho cobro se realice de manera obligatoria, sin una garant\u00eda de que lo recaudado realmente ser\u00e1 aplicado en dicho rubro.<\/p>\n\n\n\n<p>\u201cLo que me incomoda es que el gobierno, por sus huevos, cobra eso del fomento a la educaci\u00f3n, no preguntan, nada. \u00bfQu\u00e9 garant\u00eda hay de que en efecto sea para la educaci\u00f3n?\u201d, cuestion\u00f3.<\/p>\n\n\n\n<p>Los usuarios tambi\u00e9n reportaron fallas en el sistema del aire acondicionado y denunciaron que ni siquiera hay agua en los sanitarios.<\/p>\n\n\n\n<p>\u201cHay muchos problemas aqu\u00ed, nadie protesta. Esto no ha cambiado nada, es lo mismo que entre priistas y morenistas, es el mismo sistema de trampas y de corrupci\u00f3n\u201d, se\u00f1al\u00f3 Garc\u00eda L\u00f3pez.<\/p>\n\n\n\n<figure class=\"wp-block-image size-large\"><img loading=\"lazy\" decoding=\"async\" width=\"960\" height=\"720\" src=\"https:\/\/encuentroinformativo.com.mx\/wp-content\/uploads\/2022\/05\/44C750FB-E182-4FAC-9A7C-33FAD66C957C.jpeg\" alt=\"\" class=\"wp-image-27653\" srcset=\"https:\/\/encuentroinformativo.com.mx\/wp-content\/uploads\/2022\/05\/44C750FB-E182-4FAC-9A7C-33FAD66C957C.jpeg 960w, https:\/\/encuentroinformativo.com.mx\/wp-content\/uploads\/2022\/05\/44C750FB-E182-4FAC-9A7C-33FAD66C957C-300x225.jpeg 300w, https:\/\/encuentroinformativo.com.mx\/wp-content\/uploads\/2022\/05\/44C750FB-E182-4FAC-9A7C-33FAD66C957C-768x576.jpeg 768w\" sizes=\"auto, (max-width: 960px) 100vw, 960px\" \/><\/figure>\n","protected":false},"excerpt":{"rendered":"<p>Juan Arcos Boca del R\u00edo, Ver.- Conductores de la zona conurbada Veracruz-Boca del R\u00edo denunciaron una serie de anomal\u00edas en el proceso para el emplacamiento de sus veh\u00edculos, cuyo tr\u00e1mite se realiza en el World Trade Center de Boca del R\u00edo. El se\u00f1or Alfonso Garc\u00eda L\u00f3pez, de 60 a\u00f1os, lleg\u00f3 al sitio desde las seis [&hellip;]<\/p>\n","protected":false},"author":1,"featured_media":27652,"comment_status":"open","ping_status":"open","sticky":false,"template":"","format":"standard","meta":{"_jetpack_memberships_contains_paid_content":false,"footnotes":""},"categories":[2],"tags":[],"class_list":["post-27651","post","type-post","status-publish","format-standard","has-post-thumbnail","hentry","category-estado"],"jetpack_featured_media_url":"https:\/\/encuentroinformativo.com.mx\/wp-content\/uploads\/2022\/05\/819283F0-D878-4182-9030-54941822435B.jpeg","jetpack_sharing_enabled":true,"jetpack_likes_enabled":true,"amp_enabled":true,"_links":{"self":[{"href":"https:\/\/encuentroinformativo.com.mx\/index.php?rest_route=\/wp\/v2\/posts\/27651","targetHints":{"allow":["GET"]}}],"collection":[{"href":"https:\/\/encuentroinformativo.com.mx\/index.php?rest_route=\/wp\/v2\/posts"}],"about":[{"href":"https:\/\/encuentroinformativo.com.mx\/index.php?rest_route=\/wp\/v2\/types\/post"}],"author":[{"embeddable":true,"href":"https:\/\/encuentroinformativo.com.mx\/index.php?rest_route=\/wp\/v2\/users\/1"}],"replies":[{"embeddable":true,"href":"https:\/\/encuentroinformativo.com.mx\/index.php?rest_route=%2Fwp%2Fv2%2Fcomments&post=27651"}],"version-history":[{"count":1,"href":"https:\/\/encuentroinformativo.com.mx\/index.php?rest_route=\/wp\/v2\/posts\/27651\/revisions"}],"predecessor-version":[{"id":27654,"href":"https:\/\/encuentroinformativo.com.mx\/index.php?rest_route=\/wp\/v2\/posts\/27651\/revisions\/27654"}],"wp:featuredmedia":[{"embeddable":true,"href":"https:\/\/encuentroinformativo.com.mx\/index.php?rest_route=\/wp\/v2\/media\/27652"}],"wp:attachment":[{"href":"https:\/\/encuentroinformativo.com.mx\/index.php?rest_route=%2Fwp%2Fv2%2Fmedia&parent=27651"}],"wp:term":[{"taxonomy":"category","embeddable":true,"href":"https:\/\/encuentroinformativo.com.mx\/index.php?rest_route=%2Fwp%2Fv2%2Fcategories&post=27651"},{"taxonomy":"post_tag","embeddable":true,"href":"https:\/\/encuentroinformativo.com.mx\/index.php?rest_route=%2Fwp%2Fv2%2Ftags&post=27651"}],"curies":[{"name":"wp","href":"https:\/\/api.w.org\/{rel}","templated":true}]}}