{"id":27658,"date":"2022-05-24T14:40:59","date_gmt":"2022-05-24T19:40:59","guid":{"rendered":"https:\/\/encuentroinformativo.com.mx\/?p=27658"},"modified":"2022-05-24T14:41:03","modified_gmt":"2022-05-24T19:41:03","slug":"invitan-diputadas-a-celebracion-por-500-anos-de-coatzacoalcos","status":"publish","type":"post","link":"https:\/\/encuentroinformativo.com.mx\/?p=27658","title":{"rendered":"Invitan diputadas a celebraci\u00f3n por 500 a\u00f1os de Coatzacoalcos"},"content":{"rendered":"\n<p><strong>*La presidenta del Congreso, Cecilia Guevara, y la representante del Distrito XXIX, Eusebia Cort\u00e9s, se unen a los festejos, del 8 al 12 de junio.<\/strong><\/p>\n\n\n\n<p>Xalapa, Ver.- La presidenta de la Comisi\u00f3n Permanente de Corredor Interoce\u00e1nico, Zonas Libres y Desarrollo Econ\u00f3mico, diputada Eusebia Cort\u00e9s P\u00e9rez, se sum\u00f3 a la invitaci\u00f3n del Ayuntamiento de Coatzacoalcos para celebrar los 500 a\u00f1os de la Villa del Esp\u00edritu Santo, el quinto centenario de la fundaci\u00f3n de la ciudad y puerto, sede del Distrito XXIX, al que la legisladora representa en esta LXVI Legislatura.<\/p>\n\n\n\n<p>En una conferencia de prensa celebrada en el Palacio Legislativo, la presidenta de la Mesa Directiva del Congreso del Estado, diputada Cecilia Guevara, reconoci\u00f3 la calidad del trabajo que se ha realizado con motivo de esta conmemoraci\u00f3n e hizo extensiva la invitaci\u00f3n \u201cno solamente a los veracruzanos, a todos los mexicanos\u201d a disfrutar de los festejos y las actividades.<\/p>\n\n\n\n<p>En nombre del presidente municipal, Amado Jes\u00fas Cruz Malpica, el regidor decimotercero y titular de la Comisi\u00f3n de Turismo del Ayuntamiento de Coatzacoalcos, Jos\u00e9 Luis Guti\u00e9rrez Gonz\u00e1lez, dijo que esta importante puerta de desarrollo del sureste del pa\u00eds se ha preparado para recibir a todos sus visitantes \u201ccon la calidad y calidez que nos caracteriza\u201d.<\/p>\n\n\n\n<p>El director ejecutivo de la celebraci\u00f3n, Joaqu\u00edn Trujillo Negrete, expres\u00f3 la emoci\u00f3n que envuelve al pueblo de Coatzacoalcos, \u201cel puerto del futuro, una de las puertas del Corredor Interoce\u00e1nico del Istmo de Tehuantepec, un gran protagonista en la vida de M\u00e9xico\u201d.<\/p>\n\n\n\n<p>Explic\u00f3 que el programa de celebraci\u00f3n de los or\u00edgenes consta de una magna ceremonia de inauguraci\u00f3n, un espect\u00e1culo en el r\u00edo Coatzacoalcos con drones y pirotecnia, una instalaci\u00f3n lum\u00ednica a lo largo de toda la escollera, un desfile conmemorativo y actividades culturales.<\/p>\n\n\n\n<p>Ser\u00e1n, dijo el director ejecutivo, cinco d\u00edas de actividades que giran en torno a cinco grandes valores: identidad, pertenencia, orgullo, comunidad y seguridad. Del 8 al 12 de junio, el p\u00fablico podr\u00e1 disfrutar tambi\u00e9n espect\u00e1culos de m\u00fasica y danza y la riqueza gastron\u00f3mica de esa regi\u00f3n.<\/p>\n\n\n\n<p>Trujillo Negrete destac\u00f3 la participaci\u00f3n de m\u00e1s de mil voluntarios en el desfile, que se presentar\u00e1, la tarde del domingo 12, en cinco segmentos: el retorno de Quetzalc\u00f3atl, el Prehisp\u00e1nico, la fundaci\u00f3n de la Villa del Esp\u00edritu Santo, el mar y la industria y Todos somos Coatza. A lo largo de tres kil\u00f3metros, de la Plaza de la Armada al Hemiciclo a los Ni\u00f1os H\u00e9roes, sede de la Villa de los 500 A\u00f1os, su duraci\u00f3n estimada es de dos horas.<\/p>\n\n\n\n<p>Toda la informaci\u00f3n est\u00e1 disponible en https:\/\/www.coatza500.mx\/ y en las redes sociales, @coatza500 #Coatza500 y #TodosSomosCoatza.<\/p>\n\n\n\n<p>Estuvieron presentes tambi\u00e9n, por el Ayuntamiento de Coatzacoalcos, el director de Cultura, Cristian Morales Aranda; el regidor tercero y titular de la Comisi\u00f3n de Planeaci\u00f3n de Desarrollo Municipal, Jos\u00e9 \u00c1ngel Echeverr\u00eda Escamilla; la jefa de Turismo Cultural, Maritza Mijares D\u00edaz, y la directora de Comunicaci\u00f3n Social, Uma Freya Cort\u00e9s Rom\u00e1n.<\/p>\n","protected":false},"excerpt":{"rendered":"<p>*La presidenta del Congreso, Cecilia Guevara, y la representante del Distrito XXIX, Eusebia Cort\u00e9s, se unen a los festejos, del 8 al 12 de junio. Xalapa, Ver.- La presidenta de la Comisi\u00f3n Permanente de Corredor Interoce\u00e1nico, Zonas Libres y Desarrollo Econ\u00f3mico, diputada Eusebia Cort\u00e9s P\u00e9rez, se sum\u00f3 a la invitaci\u00f3n del Ayuntamiento de Coatzacoalcos para [&hellip;]<\/p>\n","protected":false},"author":1,"featured_media":27659,"comment_status":"open","ping_status":"open","sticky":false,"template":"","format":"standard","meta":{"_jetpack_memberships_contains_paid_content":false,"footnotes":""},"categories":[2],"tags":[],"class_list":["post-27658","post","type-post","status-publish","format-standard","has-post-thumbnail","hentry","category-estado"],"jetpack_featured_media_url":"https:\/\/encuentroinformativo.com.mx\/wp-content\/uploads\/2022\/05\/1C445342-AD36-465D-B5A9-AD7C98260C2D.jpeg","jetpack_sharing_enabled":true,"jetpack_likes_enabled":true,"amp_enabled":true,"_links":{"self":[{"href":"https:\/\/encuentroinformativo.com.mx\/index.php?rest_route=\/wp\/v2\/posts\/27658","targetHints":{"allow":["GET"]}}],"collection":[{"href":"https:\/\/encuentroinformativo.com.mx\/index.php?rest_route=\/wp\/v2\/posts"}],"about":[{"href":"https:\/\/encuentroinformativo.com.mx\/index.php?rest_route=\/wp\/v2\/types\/post"}],"author":[{"embeddable":true,"href":"https:\/\/encuentroinformativo.com.mx\/index.php?rest_route=\/wp\/v2\/users\/1"}],"replies":[{"embeddable":true,"href":"https:\/\/encuentroinformativo.com.mx\/index.php?rest_route=%2Fwp%2Fv2%2Fcomments&post=27658"}],"version-history":[{"count":1,"href":"https:\/\/encuentroinformativo.com.mx\/index.php?rest_route=\/wp\/v2\/posts\/27658\/revisions"}],"predecessor-version":[{"id":27660,"href":"https:\/\/encuentroinformativo.com.mx\/index.php?rest_route=\/wp\/v2\/posts\/27658\/revisions\/27660"}],"wp:featuredmedia":[{"embeddable":true,"href":"https:\/\/encuentroinformativo.com.mx\/index.php?rest_route=\/wp\/v2\/media\/27659"}],"wp:attachment":[{"href":"https:\/\/encuentroinformativo.com.mx\/index.php?rest_route=%2Fwp%2Fv2%2Fmedia&parent=27658"}],"wp:term":[{"taxonomy":"category","embeddable":true,"href":"https:\/\/encuentroinformativo.com.mx\/index.php?rest_route=%2Fwp%2Fv2%2Fcategories&post=27658"},{"taxonomy":"post_tag","embeddable":true,"href":"https:\/\/encuentroinformativo.com.mx\/index.php?rest_route=%2Fwp%2Fv2%2Ftags&post=27658"}],"curies":[{"name":"wp","href":"https:\/\/api.w.org\/{rel}","templated":true}]}}