{"id":27664,"date":"2022-05-24T11:59:02","date_gmt":"2022-05-24T16:59:02","guid":{"rendered":"https:\/\/encuentroinformativo.com.mx\/?p=27664"},"modified":"2022-05-24T15:00:44","modified_gmt":"2022-05-24T20:00:44","slug":"necesario-realizar-cableado-subterraneo-en-veracruz-puerto-para-evitar-apagones","status":"publish","type":"post","link":"https:\/\/encuentroinformativo.com.mx\/?p=27664","title":{"rendered":"Necesario realizar cableado subterr\u00e1neo en Veracruz puerto para evitar &#8220;apagones&#8221;"},"content":{"rendered":"\n<p><strong>Alejandro \u00c1vila<\/strong><\/p>\n\n\n\n<p>Veracruz, Ver.- Algo primordial y por lo que se ha hecho gesti\u00f3n con la Comisi\u00f3n Federal de Electricidad (CFE), es implementar el cableado subterr\u00e1neo en el municipio de Veracruz, pues considera la alcaldesa Patricia Lobeira Rodr\u00edguez que, as\u00ed se evitaran los &#8220;apagones&#8221; en la ciudad.<\/p>\n\n\n\n<p>De la misma manera, la edil panista ha solicitado a la CFE, qu\u00e9 de el mantenimiento correspondiente a las l\u00edneas de energ\u00eda el\u00e9ctrica en la ciudad&nbsp; para evitar los constantes cortes de luz que han tenido molesta a la ciudadan\u00eda.<\/p>\n\n\n\n<p>&#8220;M\u00e1s o menos, alrededor de 25 apagones que ya llevamos documentados, yo creo que ha sido constantemente, no nada m\u00e1s aqu\u00ed en la ciudad de Veracruz, sino en la zona metropolitana, es por eso que nosotros estamos cada d\u00eda, todos los d\u00edas exigiendo a CFE que s\u00ed se haga la limpieza de las redes el\u00e9ctricas, el mantenimiento, porque si no esto va a seguir pasando continuamente, sobre todo aqu\u00ed en la zona conurbada ha estado pasando frecuentemente, cualquier lluvia, cualquier norte, ya tenemos este problema de la luz&#8221;, destac\u00f3.<\/p>\n\n\n\n<p>Las afectaciones por la falta de energ\u00eda el\u00e9ctrica han sido en toda la ciudad, pues adem\u00e1s de comercios, escuelas y colonias populares, incluso el mismo Palacio Municipal ha sufrido de falta de luz, asegur\u00f3.<\/p>\n\n\n\n<p>&#8220;S\u00ed, se tiene que hacer el cambio de algunos transformadores, y algo muy importante, yo considero que es muy importante, ya tambi\u00e9n se haga todo el cableado subterr\u00e1neo, porque cada vez que hay lluvia, cada vez que hay norte, sufrimos cuando se va a este servicio y mucho de eso es porque tambi\u00e9n, al estar a la intemperie se va da\u00f1ando. Entonces, si fuera subterr\u00e1neo podr\u00edamos tener ya un mejor servicio&#8221;, subray\u00f3.<\/p>\n\n\n\n<p>La presidenta municipal reconoci\u00f3 qu\u00e9, el gasto para el cableado subterr\u00e1neo es muy grande; sin embargo, se podr\u00eda llegar a un acuerdo para que en su administraci\u00f3n se inicia el proyecto y, con los alcaldes siguientes, se contin\u00fae colonia por colonia.<\/p>\n","protected":false},"excerpt":{"rendered":"<p>Alejandro \u00c1vila Veracruz, Ver.- Algo primordial y por lo que se ha hecho gesti\u00f3n con la Comisi\u00f3n Federal de Electricidad (CFE), es implementar el cableado subterr\u00e1neo en el municipio de Veracruz, pues considera la alcaldesa Patricia Lobeira Rodr\u00edguez que, as\u00ed se evitaran los &#8220;apagones&#8221; en la ciudad. De la misma manera, la edil panista ha [&hellip;]<\/p>\n","protected":false},"author":1,"featured_media":27665,"comment_status":"open","ping_status":"open","sticky":false,"template":"","format":"standard","meta":{"_jetpack_memberships_contains_paid_content":false,"footnotes":""},"categories":[2],"tags":[],"class_list":["post-27664","post","type-post","status-publish","format-standard","has-post-thumbnail","hentry","category-estado"],"jetpack_featured_media_url":"https:\/\/encuentroinformativo.com.mx\/wp-content\/uploads\/2022\/05\/F0A25F71-F2C7-4279-9625-295C41DDABC1.jpeg","jetpack_sharing_enabled":true,"jetpack_likes_enabled":true,"amp_enabled":true,"_links":{"self":[{"href":"https:\/\/encuentroinformativo.com.mx\/index.php?rest_route=\/wp\/v2\/posts\/27664","targetHints":{"allow":["GET"]}}],"collection":[{"href":"https:\/\/encuentroinformativo.com.mx\/index.php?rest_route=\/wp\/v2\/posts"}],"about":[{"href":"https:\/\/encuentroinformativo.com.mx\/index.php?rest_route=\/wp\/v2\/types\/post"}],"author":[{"embeddable":true,"href":"https:\/\/encuentroinformativo.com.mx\/index.php?rest_route=\/wp\/v2\/users\/1"}],"replies":[{"embeddable":true,"href":"https:\/\/encuentroinformativo.com.mx\/index.php?rest_route=%2Fwp%2Fv2%2Fcomments&post=27664"}],"version-history":[{"count":1,"href":"https:\/\/encuentroinformativo.com.mx\/index.php?rest_route=\/wp\/v2\/posts\/27664\/revisions"}],"predecessor-version":[{"id":27666,"href":"https:\/\/encuentroinformativo.com.mx\/index.php?rest_route=\/wp\/v2\/posts\/27664\/revisions\/27666"}],"wp:featuredmedia":[{"embeddable":true,"href":"https:\/\/encuentroinformativo.com.mx\/index.php?rest_route=\/wp\/v2\/media\/27665"}],"wp:attachment":[{"href":"https:\/\/encuentroinformativo.com.mx\/index.php?rest_route=%2Fwp%2Fv2%2Fmedia&parent=27664"}],"wp:term":[{"taxonomy":"category","embeddable":true,"href":"https:\/\/encuentroinformativo.com.mx\/index.php?rest_route=%2Fwp%2Fv2%2Fcategories&post=27664"},{"taxonomy":"post_tag","embeddable":true,"href":"https:\/\/encuentroinformativo.com.mx\/index.php?rest_route=%2Fwp%2Fv2%2Ftags&post=27664"}],"curies":[{"name":"wp","href":"https:\/\/api.w.org\/{rel}","templated":true}]}}