{"id":27667,"date":"2022-05-24T15:11:36","date_gmt":"2022-05-24T20:11:36","guid":{"rendered":"https:\/\/encuentroinformativo.com.mx\/?p=27667"},"modified":"2022-05-24T15:11:40","modified_gmt":"2022-05-24T20:11:40","slug":"veracruz-recupero-75-mil-pymes-tras-pandemia","status":"publish","type":"post","link":"https:\/\/encuentroinformativo.com.mx\/?p=27667","title":{"rendered":"Veracruz recupero 75 mil PyME&#8217;s tras pandemia"},"content":{"rendered":"\n<p><strong>Alejandro \u00c1vila<\/strong><\/p>\n\n\n\n<p>Veracruz, Ver.- Durante la pandemia se tuvo un registro de cierre de 90 mil Peque\u00f1as y Medianas Empresas (PyME&#8217;s) en el estado de Veracruz, de las cuales, a decir del director del Centro de Competitividad de M\u00e9xico, Juan Carlos Ostolaza Cort\u00e9s, se han recuperado aproximadamente, 75 mil de ellas.<\/p>\n\n\n\n<p>Durante la firma de convenio que realiz\u00f3 con el Ayuntamiento de Veracruz dijo que, se busca fortalecer a las empresas de la ciudad, para que se puedan vincular con grandes empresas mexicanas y del extranjero, a trav\u00e9s de una Feria de Proveedores.<\/p>\n\n\n\n<p>&#8220;Para que puedan llegar ah\u00ed, deben de estar lo suficientemente preparadas, para poder lograrlo y hacerlo de una manera eficiente, y que realmente sea rentable para todos (\u2026) Veracruz no es la excepci\u00f3n, tambi\u00e9n habido una recuperaci\u00f3n bastante importante, d\u00f3nde tambi\u00e9n, no solo se han venido recuperando empresa, sino tambi\u00e9n empleos formales (\u2026) aqu\u00ed en el estado de Veracruz se han recuperado m\u00e1s de 75 mil&#8221;, apunt\u00f3.<\/p>\n\n\n\n<p>El director del CCMX dijo que, la recuperaci\u00f3n empresarial inicio a mediados del 2021, y consider\u00f3 ha sido bastante r\u00e1pida, tomando en cuenta las dificultades qu\u00e9 se generaron tras la pandemia.<\/p>\n\n\n\n<p>Destac\u00f3 el sector restaurantero, tur\u00edstico, de log\u00edstica y comunicaci\u00f3n, han sido los primeros en mostrar su avance.<\/p>\n\n\n\n<p>Agreg\u00f3 que, el bloque de gobernadores del sur &#8211; sureste han trabajado en proyectos de recuperaci\u00f3n econ\u00f3mica de la regi\u00f3n, donde Veracruz es pieza clave.<\/p>\n","protected":false},"excerpt":{"rendered":"<p>Alejandro \u00c1vila Veracruz, Ver.- Durante la pandemia se tuvo un registro de cierre de 90 mil Peque\u00f1as y Medianas Empresas (PyME&#8217;s) en el estado de Veracruz, de las cuales, a decir del director del Centro de Competitividad de M\u00e9xico, Juan Carlos Ostolaza Cort\u00e9s, se han recuperado aproximadamente, 75 mil de ellas. Durante la firma de [&hellip;]<\/p>\n","protected":false},"author":1,"featured_media":27668,"comment_status":"open","ping_status":"open","sticky":false,"template":"","format":"standard","meta":{"_jetpack_memberships_contains_paid_content":false,"footnotes":""},"categories":[2],"tags":[],"class_list":["post-27667","post","type-post","status-publish","format-standard","has-post-thumbnail","hentry","category-estado"],"jetpack_featured_media_url":"https:\/\/encuentroinformativo.com.mx\/wp-content\/uploads\/2022\/05\/D34C6183-B2DA-4351-AA62-10016FA9E822.jpeg","jetpack_sharing_enabled":true,"jetpack_likes_enabled":true,"amp_enabled":true,"_links":{"self":[{"href":"https:\/\/encuentroinformativo.com.mx\/index.php?rest_route=\/wp\/v2\/posts\/27667","targetHints":{"allow":["GET"]}}],"collection":[{"href":"https:\/\/encuentroinformativo.com.mx\/index.php?rest_route=\/wp\/v2\/posts"}],"about":[{"href":"https:\/\/encuentroinformativo.com.mx\/index.php?rest_route=\/wp\/v2\/types\/post"}],"author":[{"embeddable":true,"href":"https:\/\/encuentroinformativo.com.mx\/index.php?rest_route=\/wp\/v2\/users\/1"}],"replies":[{"embeddable":true,"href":"https:\/\/encuentroinformativo.com.mx\/index.php?rest_route=%2Fwp%2Fv2%2Fcomments&post=27667"}],"version-history":[{"count":1,"href":"https:\/\/encuentroinformativo.com.mx\/index.php?rest_route=\/wp\/v2\/posts\/27667\/revisions"}],"predecessor-version":[{"id":27669,"href":"https:\/\/encuentroinformativo.com.mx\/index.php?rest_route=\/wp\/v2\/posts\/27667\/revisions\/27669"}],"wp:featuredmedia":[{"embeddable":true,"href":"https:\/\/encuentroinformativo.com.mx\/index.php?rest_route=\/wp\/v2\/media\/27668"}],"wp:attachment":[{"href":"https:\/\/encuentroinformativo.com.mx\/index.php?rest_route=%2Fwp%2Fv2%2Fmedia&parent=27667"}],"wp:term":[{"taxonomy":"category","embeddable":true,"href":"https:\/\/encuentroinformativo.com.mx\/index.php?rest_route=%2Fwp%2Fv2%2Fcategories&post=27667"},{"taxonomy":"post_tag","embeddable":true,"href":"https:\/\/encuentroinformativo.com.mx\/index.php?rest_route=%2Fwp%2Fv2%2Ftags&post=27667"}],"curies":[{"name":"wp","href":"https:\/\/api.w.org\/{rel}","templated":true}]}}