{"id":27678,"date":"2022-05-24T17:36:02","date_gmt":"2022-05-24T22:36:02","guid":{"rendered":"https:\/\/encuentroinformativo.com.mx\/?p=27678"},"modified":"2022-05-24T17:36:05","modified_gmt":"2022-05-24T22:36:05","slug":"refrenda-congreso-compromiso-de-proteger-a-las-y-los-periodistas","status":"publish","type":"post","link":"https:\/\/encuentroinformativo.com.mx\/?p=27678","title":{"rendered":"Refrenda Congreso compromiso de proteger a las y los periodistas"},"content":{"rendered":"\n<p><strong>*Presenta la Ceapp en la sede del Poder Legislativo el Programa Estrat\u00e9gico de Libertad de Expresi\u00f3n en Veracruz.<\/strong><\/p>\n\n\n\n<p>Xalapa, Ver.- En la presentaci\u00f3n del Programa Estrat\u00e9gico de Libertad de Expresi\u00f3n en Veracruz, a cargo de la Comisi\u00f3n Estatal para la Atenci\u00f3n y la Protecci\u00f3n de los Periodistas (Ceapp), la diputada Cecilia Guevara y el diputado Juan Javier G\u00f3mez Cazar\u00edn, presidenta de la Mesa Directiva y presidente de la Junta de Coordinaci\u00f3n Pol\u00edtica (Jucopo), respectivamente, refrendaron el compromiso de la LXVI Legislatura de abrir el di\u00e1logo en la coordinaci\u00f3n de esfuerzos para que no sucedan m\u00e1s agresiones contra periodistas en la entidad.<\/p>\n\n\n\n<p>En el auditorio Sebasti\u00e1n Lerdo de Tejada del Palacio Legislativo, la diputada Cecilia Guevara dijo que con este Programa, el cual tiene como objetivo el fortalecimiento de la promoci\u00f3n y el respeto a la libertad de expresi\u00f3n desde el \u00e1mbito municipal, la Ceapp cumple con el deber constitucional y moral de atender y proteger la integridad de las y los periodistas veracruzanos, as\u00ed como con el fomento de condiciones para el pleno ejercicio de su profesi\u00f3n con respeto a los derechos a la libertad de expresi\u00f3n y al acceso a la informaci\u00f3n.<\/p>\n\n\n\n<p>Asimismo, la legisladora dijo que con esta acci\u00f3n se busca fortalecer la vinculaci\u00f3n interinstitucional del organismo aut\u00f3nomo con los gobiernos municipales, \u201caliados en la promoci\u00f3n y defensa de la libertad de expresi\u00f3n en nuestro estado\u201d, a\u00f1adi\u00f3.<\/p>\n\n\n\n<p>Precis\u00f3 que, desde la actual administraci\u00f3n estatal, que encabeza el gobernador Cuitl\u00e1huac Garc\u00eda Jim\u00e9nez, se respetan y se hacen respetar los derechos de quienes laboran en los medios de comunicaci\u00f3n, \u201cy en este Congreso tengan la seguridad que siempre ser\u00e1n respaldadas las acciones que protejan la libre expresi\u00f3n de ideas\u201d.<\/p>\n\n\n\n<p>Ante el comisionado presidente de la Ceapp, Silverio Quevedo Elox; la titular del \u00d3rgano de Fiscalizaci\u00f3n Superior del estado (Orfis), Delia Gonz\u00e1lez Cobos, y la jefa de la Oficina de Programa de Gobierno, Waltraud Mart\u00ednez Olvera, el diputado Juan Javier G\u00f3mez Cazar\u00edn se pronunci\u00f3 por que no haya ni una sola agresi\u00f3n a periodistas en Veracruz. \u201cNo vamos a ponernos una venda y no nos vamos a enga\u00f1ar del riesgo que corre cada uno; necesitamos que, m\u00e1s all\u00e1 de bajar los \u00edndices, que no suceda ni una sola agresi\u00f3n\u201d se\u00f1al\u00f3.<\/p>\n\n\n\n<p>Posteriormente, pidi\u00f3 a la titular de la Fiscal\u00eda General del Estado (FGE), Ver\u00f3nica Hern\u00e1ndez Giad\u00e1ns, representada en este acto por Marcela Aguilera Landeta, a dar un mayor esfuerzo en su actuar para que las agresiones a periodistas no queden impunes.<\/p>\n\n\n\n<p>En su discurso, el presidente del organismo aut\u00f3nomo, Silverio Quevedo Elox, subray\u00f3 que, en un hecho in\u00e9dito y a casi diez a\u00f1os de su creaci\u00f3n, la Ceapp presenta este Programa, como una contribuci\u00f3n para generar un contexto m\u00e1s favorable para el gremio period\u00edstico veracruzano.<\/p>\n\n\n\n<p>\u201cM\u00e1s all\u00e1 de las estad\u00edsticas letales y condiciones adversas para el ejercicio de la profesi\u00f3n, hay vidas, hay personas con derechos que defender y procurar; para ello la Ceapp busca echar mano del nivel m\u00e1s cercano a la sociedad, el municipal\u201d, dijo el titular de la Ceapp.<\/p>\n\n\n\n<p>Asistieron el presidente de la Comisi\u00f3n Permanente de Atenci\u00f3n y Protecci\u00f3n de Periodistas del Congreso del Estado, diputado Jaime Enrique de la Garza Mart\u00ednez; el subsecretario de Asuntos Jur\u00eddicos y Legislativos de la Secretar\u00eda de Gobierno, Israel Hern\u00e1ndez Rold\u00e1n, y el representante del Mecanismo Nacional de Protecci\u00f3n para Personas Defensoras de Derechos Humanos y Periodistas de la Secretar\u00eda de Gobernaci\u00f3n, Luis Alejandro Jaramillo Patchen.<\/p>\n\n\n\n<p>Las diputadas Maribel Ram\u00edrez Topete y Eusebia Cort\u00e9s P\u00e9rez, as\u00ed como el diputade Gonzalo Dur\u00e1n Chincoya; el secretario ejecutivo de la Ceapp, Israel Hern\u00e1ndez Sosa, y el secretario t\u00e9cnico de la Coordinaci\u00f3n General de Comunicaci\u00f3n Social del estado, Marco Antonio Jim\u00e9nez \u00c1vila, quien acudi\u00f3 en representaci\u00f3n del gobernador Cuitl\u00e1huac Garc\u00eda Jim\u00e9nez.<\/p>\n\n\n\n<p>Tambi\u00e9n, las presidentas y presidentes municipales Mar\u00eda Elena Solana Calzada, de San Andr\u00e9s Tuxtla; Frans Aparicio Reyes, de Guti\u00e9rrez Zamora; Rodrigo Calder\u00f3n Salas, de Mart\u00ednez de la Torre; Urbano Bautista Mart\u00ednez, de Playa Vicente, y Carmen Medel Palma, de Minatitl\u00e1n; adem\u00e1s, los representantes de los mun\u00edcipes de Lerdo de Tejada, Poza Rica, Isla, Huatusco y \u00c1ngel R. Cabada.<\/p>\n","protected":false},"excerpt":{"rendered":"<p>*Presenta la Ceapp en la sede del Poder Legislativo el Programa Estrat\u00e9gico de Libertad de Expresi\u00f3n en Veracruz. Xalapa, Ver.- En la presentaci\u00f3n del Programa Estrat\u00e9gico de Libertad de Expresi\u00f3n en Veracruz, a cargo de la Comisi\u00f3n Estatal para la Atenci\u00f3n y la Protecci\u00f3n de los Periodistas (Ceapp), la diputada Cecilia Guevara y el diputado [&hellip;]<\/p>\n","protected":false},"author":1,"featured_media":27679,"comment_status":"open","ping_status":"open","sticky":false,"template":"","format":"standard","meta":{"_jetpack_memberships_contains_paid_content":false,"footnotes":""},"categories":[2],"tags":[],"class_list":["post-27678","post","type-post","status-publish","format-standard","has-post-thumbnail","hentry","category-estado"],"jetpack_featured_media_url":"https:\/\/encuentroinformativo.com.mx\/wp-content\/uploads\/2022\/05\/1ED86F7E-131B-4FA5-8CE6-760A1456F498.jpeg","jetpack_sharing_enabled":true,"jetpack_likes_enabled":true,"amp_enabled":true,"_links":{"self":[{"href":"https:\/\/encuentroinformativo.com.mx\/index.php?rest_route=\/wp\/v2\/posts\/27678","targetHints":{"allow":["GET"]}}],"collection":[{"href":"https:\/\/encuentroinformativo.com.mx\/index.php?rest_route=\/wp\/v2\/posts"}],"about":[{"href":"https:\/\/encuentroinformativo.com.mx\/index.php?rest_route=\/wp\/v2\/types\/post"}],"author":[{"embeddable":true,"href":"https:\/\/encuentroinformativo.com.mx\/index.php?rest_route=\/wp\/v2\/users\/1"}],"replies":[{"embeddable":true,"href":"https:\/\/encuentroinformativo.com.mx\/index.php?rest_route=%2Fwp%2Fv2%2Fcomments&post=27678"}],"version-history":[{"count":1,"href":"https:\/\/encuentroinformativo.com.mx\/index.php?rest_route=\/wp\/v2\/posts\/27678\/revisions"}],"predecessor-version":[{"id":27680,"href":"https:\/\/encuentroinformativo.com.mx\/index.php?rest_route=\/wp\/v2\/posts\/27678\/revisions\/27680"}],"wp:featuredmedia":[{"embeddable":true,"href":"https:\/\/encuentroinformativo.com.mx\/index.php?rest_route=\/wp\/v2\/media\/27679"}],"wp:attachment":[{"href":"https:\/\/encuentroinformativo.com.mx\/index.php?rest_route=%2Fwp%2Fv2%2Fmedia&parent=27678"}],"wp:term":[{"taxonomy":"category","embeddable":true,"href":"https:\/\/encuentroinformativo.com.mx\/index.php?rest_route=%2Fwp%2Fv2%2Fcategories&post=27678"},{"taxonomy":"post_tag","embeddable":true,"href":"https:\/\/encuentroinformativo.com.mx\/index.php?rest_route=%2Fwp%2Fv2%2Ftags&post=27678"}],"curies":[{"name":"wp","href":"https:\/\/api.w.org\/{rel}","templated":true}]}}