{"id":27684,"date":"2022-05-24T19:45:54","date_gmt":"2022-05-25T00:45:54","guid":{"rendered":"https:\/\/encuentroinformativo.com.mx\/?p=27684"},"modified":"2022-05-24T19:45:57","modified_gmt":"2022-05-25T00:45:57","slug":"aprueba-cabildo-modificaciones-presupuestales-al-programa-de-obra","status":"publish","type":"post","link":"https:\/\/encuentroinformativo.com.mx\/?p=27684","title":{"rendered":"Aprueba Cabildo modificaciones presupuestales al programa de obra"},"content":{"rendered":"\n<p>Xalapa, Ver.- Modificaciones presupuestales a los Programas Generales de Inversi\u00f3n (PGI) de obras y acciones a realizar con diversos fondos, aprobaron por unanimidad los integrantes del Cabildo en Sesi\u00f3n Extraordinaria celebrada este martes.<\/p>\n\n\n\n<p>En primer t\u00e9rmino, se autorizaron cambios al PGI de Obras y Acciones del Fondo Recursos Fiscales ejercicio 2022.<\/p>\n\n\n\n<p>Adem\u00e1s, se autorizaron modificaciones al Programa de Obras y Acciones del Fondo de Aportaciones para el Fortalecimiento de los Municipios y Demarcaciones Territoriales del Distrito Federal (Fortamun-DF) 2022.<\/p>\n\n\n\n<p>Por otra parte, se aval\u00f3 que el presidente municipal Ricardo Ahued Bardahuil y la s\u00edndica \u00fanica, Cecilia Leyla Coronel Brizio, en representaci\u00f3n del Ayuntamiento y previa autorizaci\u00f3n del Congreso del Estado, suscriban Convenio de Colaboraci\u00f3n Administrativa en Materia de Catastro con la Secretar\u00eda de Gobierno del Estado de Veracruz.<\/p>\n\n\n\n<p>Con ello se busca establecer las bases de colaboraci\u00f3n y coordinaci\u00f3n de acciones en materia de catastro para que se realicen dentro de la jurisdicci\u00f3n territorial del municipio.<\/p>\n\n\n\n<p>Asimismo, se aprob\u00f3 la modificaci\u00f3n del Acuerdo 32 de Cabildo, relativo a la aprobaci\u00f3n del Programa Anual de Arrendamiento de Bienes lnmuebles 2022.<\/p>\n\n\n\n<p>Tambi\u00e9n se autoriz\u00f3 modificar el Acuerdo 11, referente a la integraci\u00f3n del Subcomit\u00e9 para las Adquisiciones, Arrendamientos, Administraci\u00f3n, Enajenaci\u00f3n, Baja, Control de Bienes Muebles y Contrataci\u00f3n de Servicios y Obras P\u00fablicas, espec\u00edficamente en cuanto al cambio de titular en la Direcci\u00f3n de Administraci\u00f3n.<\/p>\n\n\n\n<p>Esta dependencia ahora estar\u00e1 a cargo de \u00c1ngel Manuel Fern\u00e1ndez de Le\u00f3n, quien fungir\u00e1 como secretario t\u00e9cnico del Subcomit\u00e9; por su parte, Patricia Ortega Pardo se reintegra a la Direcci\u00f3n de Ingresos.<\/p>\n\n\n\n<p>A propuesta de la regidora Martha Valentina Dom\u00ednguez V\u00e1squez se aprobaron modificaciones a las cuentas contables Gastos de Ejercicios Anteriores y Resultado de Ejercicios Anteriores, con la finalidad de dar cumplimiento al pago de adeudos de 2021, los cuales no quedaron provisionados al cierre de \u00e9ste.<\/p>\n\n\n\n<p>Finalmente, se presentaron dos puntos informativos. El primero relativo al Resultado de Ejercicios Anteriores y el reintegro de recursos federales, efectuado de acuerdo con la Ley de Disciplina Financiera.<\/p>\n\n\n\n<p>El segundo correspondiente a la modificaci\u00f3n presupuestal para ampliar la partida Seguro de Vida por 2 millones 826 mil 662 pesos, cantidad que ser\u00e1 cubierta con la partida \u201cPrevisiones\u201d y con cargo a recursos de la fuente de financiamiento Participaciones Federales 2022.<\/p>\n\n\n\n<p>El presidente municipal Ricardo Ahued Bardahui expuso que con ello quedar\u00eda cubierto y contratado el seguro de los trabajadores, dado que se registr\u00f3 un incremento en la p\u00f3liza derivado de las nuevas prestaciones y homologaciones salariales que se firmaron este a\u00f1o en beneficio del personal sindicalizado.<\/p>\n","protected":false},"excerpt":{"rendered":"<p>Xalapa, Ver.- Modificaciones presupuestales a los Programas Generales de Inversi\u00f3n (PGI) de obras y acciones a realizar con diversos fondos, aprobaron por unanimidad los integrantes del Cabildo en Sesi\u00f3n Extraordinaria celebrada este martes. En primer t\u00e9rmino, se autorizaron cambios al PGI de Obras y Acciones del Fondo Recursos Fiscales ejercicio 2022. Adem\u00e1s, se autorizaron modificaciones [&hellip;]<\/p>\n","protected":false},"author":1,"featured_media":27685,"comment_status":"open","ping_status":"open","sticky":false,"template":"","format":"standard","meta":{"_jetpack_memberships_contains_paid_content":false,"footnotes":""},"categories":[3],"tags":[],"class_list":["post-27684","post","type-post","status-publish","format-standard","has-post-thumbnail","hentry","category-xalapa"],"jetpack_featured_media_url":"https:\/\/encuentroinformativo.com.mx\/wp-content\/uploads\/2022\/05\/738C2673-89FD-4ED3-B83E-C9BCBB3C7CCC.jpeg","jetpack_sharing_enabled":true,"jetpack_likes_enabled":true,"amp_enabled":true,"_links":{"self":[{"href":"https:\/\/encuentroinformativo.com.mx\/index.php?rest_route=\/wp\/v2\/posts\/27684","targetHints":{"allow":["GET"]}}],"collection":[{"href":"https:\/\/encuentroinformativo.com.mx\/index.php?rest_route=\/wp\/v2\/posts"}],"about":[{"href":"https:\/\/encuentroinformativo.com.mx\/index.php?rest_route=\/wp\/v2\/types\/post"}],"author":[{"embeddable":true,"href":"https:\/\/encuentroinformativo.com.mx\/index.php?rest_route=\/wp\/v2\/users\/1"}],"replies":[{"embeddable":true,"href":"https:\/\/encuentroinformativo.com.mx\/index.php?rest_route=%2Fwp%2Fv2%2Fcomments&post=27684"}],"version-history":[{"count":1,"href":"https:\/\/encuentroinformativo.com.mx\/index.php?rest_route=\/wp\/v2\/posts\/27684\/revisions"}],"predecessor-version":[{"id":27686,"href":"https:\/\/encuentroinformativo.com.mx\/index.php?rest_route=\/wp\/v2\/posts\/27684\/revisions\/27686"}],"wp:featuredmedia":[{"embeddable":true,"href":"https:\/\/encuentroinformativo.com.mx\/index.php?rest_route=\/wp\/v2\/media\/27685"}],"wp:attachment":[{"href":"https:\/\/encuentroinformativo.com.mx\/index.php?rest_route=%2Fwp%2Fv2%2Fmedia&parent=27684"}],"wp:term":[{"taxonomy":"category","embeddable":true,"href":"https:\/\/encuentroinformativo.com.mx\/index.php?rest_route=%2Fwp%2Fv2%2Fcategories&post=27684"},{"taxonomy":"post_tag","embeddable":true,"href":"https:\/\/encuentroinformativo.com.mx\/index.php?rest_route=%2Fwp%2Fv2%2Ftags&post=27684"}],"curies":[{"name":"wp","href":"https:\/\/api.w.org\/{rel}","templated":true}]}}