{"id":27687,"date":"2022-05-24T19:52:25","date_gmt":"2022-05-25T00:52:25","guid":{"rendered":"https:\/\/encuentroinformativo.com.mx\/?p=27687"},"modified":"2022-05-24T19:52:29","modified_gmt":"2022-05-25T00:52:29","slug":"seguimos-sociedad-y-gobierno-promoviendo-fuentes-de-empleo-alcalde-jm-unanue","status":"publish","type":"post","link":"https:\/\/encuentroinformativo.com.mx\/?p=27687","title":{"rendered":"Seguimos sociedad y gobierno promoviendo fuentes de empleo: Alcalde JM Un\u00e1nue"},"content":{"rendered":"\n<p><strong>*<em>En cinco meses, se han llevado a acabo dos ferias del empleo que han beneficiado a m\u00e1s de 3 mil 500 personas<\/em>.<\/strong><\/p>\n\n\n\n<p>Boca del R\u00edo, Ver.- En tan solo cinco meses, el Gobierno Municipal que encabeza el Alcalde Juan Manuel Un\u00e1nue Abascal, ha realizado dos ferias del empleo, donde han salido beneficiados cientos de boque\u00f1os y de otros municipios.<\/p>\n\n\n\n<p>Alan Morales Mart\u00ednez, uno de los seleccionados en la Feria del Empleo en conjunto con el Hospital Covadonga, comparti\u00f3 su emoci\u00f3n por contar ya, con una fuente laboral e ingresos econ\u00f3micos, \u201cun d\u00eda yo me encontraba sin trabajo, supe de la feria del empleo realizada en conjunto con el Hospital Covadonga y gracias a ese d\u00eda hoy tengo un empleo, gracias alcalde\u201d.<\/p>\n\n\n\n<p>Y en respuesta, la primera autoridad del municipio de Boca del R\u00edo, exalt\u00f3, \u201cme dio mucho gusto escucharte Alan, porque como t\u00fa, muchas personas m\u00e1s en marzo, vinieron a este mismo evento y se fueron a sus casas con la certeza de que en Boca del R\u00edo, el empleo es parte important\u00edsima de la riqueza del municipio\u201d.<\/p>\n\n\n\n<p>Un\u00e1nue Abascal destac\u00f3 que esta segunda Feria del Empleo \u201ces el resultado de lo que estamos haciendo bien en la administraci\u00f3n municipal, por que gracias a la certidumbre que estamos logrando en Boca del R\u00edo, las empresas est\u00e1n creciendo y con ello, ofreciendo vacantes laborales para su aprovechamiento\u201d.<\/p>\n\n\n\n<p>Por ello, este martes en la Plaza C\u00edvica Benito Ju\u00e1rez, m\u00e1s de 90 empresas se reunieron para ofertar 2 mil 790 plazas disponibles de todo tipo de oficio, con el m\u00e1ximo prop\u00f3sito de incentivar la oferta laboral entre las personas que m\u00e1s los necesitan.<\/p>\n\n\n\n<p>\u201cQuiero agradecer p\u00fablicamente la confianza de los empresarios que se han asentado en el municipio que se ha vuelto ya un referente en el progreso y desarrollo humano, gracias a la buena relaci\u00f3n que estamos construyendo desde el gobierno municipal con los sectores productivos\u201d, destac\u00f3.<\/p>\n\n\n\n<p>Ante representantes de c\u00e1maras empresariales, ciudadanos y funcionarios municipales, recalc\u00f3 que el desarrollo econ\u00f3mico, permite a los boque\u00f1os, disfrutar y aprovechar el crecimiento desde las posibilidades laborales que se generan.<\/p>\n\n\n\n<p>\u201cMi gobierno tiene claro, que cuando una ciudad es bien administrada genera confianza, es as\u00ed, que seguiremos impulsando acciones que abran la puerta de nuevas inversiones con orden y responsabilidad social para seguir consolidando a Boca del R\u00edo como Lo Mejor de Veracruz\u201d.<\/p>\n\n\n\n<p>El Presidente Municipal de Boca del R\u00edo reconoci\u00f3 que entre m\u00e1s pol\u00edticas p\u00fablicas se puedan implementar desde los gobiernos, m\u00e1s se fortalece la iniciativa privada que es la fuente primaria de empleo, finaliz\u00f3.<\/p>\n","protected":false},"excerpt":{"rendered":"<p>*En cinco meses, se han llevado a acabo dos ferias del empleo que han beneficiado a m\u00e1s de 3 mil 500 personas. Boca del R\u00edo, Ver.- En tan solo cinco meses, el Gobierno Municipal que encabeza el Alcalde Juan Manuel Un\u00e1nue Abascal, ha realizado dos ferias del empleo, donde han salido beneficiados cientos de boque\u00f1os [&hellip;]<\/p>\n","protected":false},"author":1,"featured_media":27688,"comment_status":"open","ping_status":"open","sticky":false,"template":"","format":"standard","meta":{"_jetpack_memberships_contains_paid_content":false,"footnotes":""},"categories":[2],"tags":[],"class_list":["post-27687","post","type-post","status-publish","format-standard","has-post-thumbnail","hentry","category-estado"],"jetpack_featured_media_url":"https:\/\/encuentroinformativo.com.mx\/wp-content\/uploads\/2022\/05\/8CB2E9E3-9306-44B1-B885-78C25469C06F.jpeg","jetpack_sharing_enabled":true,"jetpack_likes_enabled":true,"amp_enabled":true,"_links":{"self":[{"href":"https:\/\/encuentroinformativo.com.mx\/index.php?rest_route=\/wp\/v2\/posts\/27687","targetHints":{"allow":["GET"]}}],"collection":[{"href":"https:\/\/encuentroinformativo.com.mx\/index.php?rest_route=\/wp\/v2\/posts"}],"about":[{"href":"https:\/\/encuentroinformativo.com.mx\/index.php?rest_route=\/wp\/v2\/types\/post"}],"author":[{"embeddable":true,"href":"https:\/\/encuentroinformativo.com.mx\/index.php?rest_route=\/wp\/v2\/users\/1"}],"replies":[{"embeddable":true,"href":"https:\/\/encuentroinformativo.com.mx\/index.php?rest_route=%2Fwp%2Fv2%2Fcomments&post=27687"}],"version-history":[{"count":1,"href":"https:\/\/encuentroinformativo.com.mx\/index.php?rest_route=\/wp\/v2\/posts\/27687\/revisions"}],"predecessor-version":[{"id":27689,"href":"https:\/\/encuentroinformativo.com.mx\/index.php?rest_route=\/wp\/v2\/posts\/27687\/revisions\/27689"}],"wp:featuredmedia":[{"embeddable":true,"href":"https:\/\/encuentroinformativo.com.mx\/index.php?rest_route=\/wp\/v2\/media\/27688"}],"wp:attachment":[{"href":"https:\/\/encuentroinformativo.com.mx\/index.php?rest_route=%2Fwp%2Fv2%2Fmedia&parent=27687"}],"wp:term":[{"taxonomy":"category","embeddable":true,"href":"https:\/\/encuentroinformativo.com.mx\/index.php?rest_route=%2Fwp%2Fv2%2Fcategories&post=27687"},{"taxonomy":"post_tag","embeddable":true,"href":"https:\/\/encuentroinformativo.com.mx\/index.php?rest_route=%2Fwp%2Fv2%2Ftags&post=27687"}],"curies":[{"name":"wp","href":"https:\/\/api.w.org\/{rel}","templated":true}]}}