{"id":27690,"date":"2022-05-24T21:46:55","date_gmt":"2022-05-25T02:46:55","guid":{"rendered":"https:\/\/encuentroinformativo.com.mx\/?p=27690"},"modified":"2022-05-24T21:46:59","modified_gmt":"2022-05-25T02:46:59","slug":"familiares-y-amigos-de-viridiana-protestan-en-periciales","status":"publish","type":"post","link":"https:\/\/encuentroinformativo.com.mx\/?p=27690","title":{"rendered":"Familiares y amigos de Viridiana protestan en Periciales"},"content":{"rendered":"\n<p><strong>Juan Arcos <\/strong><\/p>\n\n\n\n<p>Xalapa, Ver.- A casi una semana de su desaparici\u00f3n, familiares y amigos de Viridiana Moreno V\u00e1squez protestaron afuera de la Direcci\u00f3n General de Servicios Periciales, en la zona sur de esta ciudad de Xalapa, para exigir informaci\u00f3n sobre su paradero.<\/p>\n\n\n\n<p>Las personas sostuvieron lonas y pancartas con diversos mensajes y hashtags, como: \u201c#JusticiaVeracruz\u201d, \u201c#NosFaltaViri\u201d y \u201c#NiUnaMenos\u201d.<\/p>\n\n\n\n<p>Los habitantes de Tlaltetela, Cardel y Xalapa han protestado desde el pasado viernes 20 de mayo en las tres localidades mencionadas para exigir a las autoridades que agilicen las investigaciones para localizarla.<\/p>\n\n\n\n<p>La chica, de 31 a\u00f1os, desapareci\u00f3 en ciudad Cardel, municipio de La Antigua, cuando se dirig\u00eda al hotel \u201cBienvenido\u201d para una entrevista de trabajo como recepcionista; sin embargo, hasta el momento, se desconoce si lleg\u00f3 a su destino.<\/p>\n\n\n\n<p>Viridiana viv\u00eda con su familia en Cardel, pero es originaria de Tlaltetela. Fue vista por \u00faltima vez a las cuatro de la tarde del mi\u00e9rcoles pasado, presuntamente a bordo de su motoneta, color azul.<\/p>\n\n\n\n<p>Durante el lunes 23 de mayo, los seres queridos de la mujer marcharon en la ciudad de Xalapa y bloquearon la zona centro durante m\u00e1s de ocho horas consecutivas, a partir del mediod\u00eda.<\/p>\n\n\n\n<p>En esta ocasi\u00f3n, la gente se plant\u00f3 afuera de las instalaciones de Servicios Periciales, que dependen de la Fiscal\u00eda General del Estado (FGE), y se encuentran en la unidad habitacional Nuevo Xalapa.<\/p>\n\n\n\n<p>De acuerdo con Elsa Aguilar, amiga de Viridiana y su familia, se exige a las autoridades que den a conocer los avances en las investigaciones para encontrarla.<\/p>\n\n\n\n<p>\u201cNos encontramos aqu\u00ed porque hasta el d\u00eda de hoy, nosotros no tenemos informes del paradero de Viridiana que es nuestro objetivo encontrarla, y bueno a trav\u00e9s de otros medios de comunicaci\u00f3n el d\u00eda de hoy surgi\u00f3 una nota de un peri\u00f3dico de Cardel donde menciona que el cuerpo que se encontr\u00f3 en Chachalacas que pertenece a Viridiana y que se supone es un feminicidio\u201d, expres\u00f3.<\/p>\n\n\n\n<p>La entrevistada coment\u00f3 que el hotel \u201cBienvenido\u201d ya entreg\u00f3 los videos de sus c\u00e1maras de videovigilancia a la Fiscal\u00eda, pero hasta el momento no han recibido informaci\u00f3n al respecto.<\/p>\n\n\n\n<figure class=\"wp-block-image size-large\"><img loading=\"lazy\" decoding=\"async\" width=\"1024\" height=\"576\" src=\"https:\/\/encuentroinformativo.com.mx\/wp-content\/uploads\/2022\/05\/8CFFE049-5569-44D4-9FDB-4DE9FD8FDF0A-1024x576.jpeg\" alt=\"\" class=\"wp-image-27692\" srcset=\"https:\/\/encuentroinformativo.com.mx\/wp-content\/uploads\/2022\/05\/8CFFE049-5569-44D4-9FDB-4DE9FD8FDF0A-1024x576.jpeg 1024w, https:\/\/encuentroinformativo.com.mx\/wp-content\/uploads\/2022\/05\/8CFFE049-5569-44D4-9FDB-4DE9FD8FDF0A-300x169.jpeg 300w, https:\/\/encuentroinformativo.com.mx\/wp-content\/uploads\/2022\/05\/8CFFE049-5569-44D4-9FDB-4DE9FD8FDF0A-768x432.jpeg 768w, https:\/\/encuentroinformativo.com.mx\/wp-content\/uploads\/2022\/05\/8CFFE049-5569-44D4-9FDB-4DE9FD8FDF0A-1536x864.jpeg 1536w, https:\/\/encuentroinformativo.com.mx\/wp-content\/uploads\/2022\/05\/8CFFE049-5569-44D4-9FDB-4DE9FD8FDF0A.jpeg 1600w\" sizes=\"auto, (max-width: 1024px) 100vw, 1024px\" \/><\/figure>\n\n\n\n<figure class=\"wp-block-image size-large\"><img loading=\"lazy\" decoding=\"async\" width=\"1024\" height=\"576\" src=\"https:\/\/encuentroinformativo.com.mx\/wp-content\/uploads\/2022\/05\/0C386907-581A-4E5D-A1FD-590BA35E2DCA-1024x576.jpeg\" alt=\"\" class=\"wp-image-27693\" srcset=\"https:\/\/encuentroinformativo.com.mx\/wp-content\/uploads\/2022\/05\/0C386907-581A-4E5D-A1FD-590BA35E2DCA-1024x576.jpeg 1024w, https:\/\/encuentroinformativo.com.mx\/wp-content\/uploads\/2022\/05\/0C386907-581A-4E5D-A1FD-590BA35E2DCA-300x169.jpeg 300w, https:\/\/encuentroinformativo.com.mx\/wp-content\/uploads\/2022\/05\/0C386907-581A-4E5D-A1FD-590BA35E2DCA-768x432.jpeg 768w, https:\/\/encuentroinformativo.com.mx\/wp-content\/uploads\/2022\/05\/0C386907-581A-4E5D-A1FD-590BA35E2DCA-1536x864.jpeg 1536w, https:\/\/encuentroinformativo.com.mx\/wp-content\/uploads\/2022\/05\/0C386907-581A-4E5D-A1FD-590BA35E2DCA.jpeg 1600w\" sizes=\"auto, (max-width: 1024px) 100vw, 1024px\" \/><\/figure>\n","protected":false},"excerpt":{"rendered":"<p>Juan Arcos Xalapa, Ver.- A casi una semana de su desaparici\u00f3n, familiares y amigos de Viridiana Moreno V\u00e1squez protestaron afuera de la Direcci\u00f3n General de Servicios Periciales, en la zona sur de esta ciudad de Xalapa, para exigir informaci\u00f3n sobre su paradero. Las personas sostuvieron lonas y pancartas con diversos mensajes y hashtags, como: \u201c#JusticiaVeracruz\u201d, [&hellip;]<\/p>\n","protected":false},"author":1,"featured_media":27691,"comment_status":"open","ping_status":"open","sticky":false,"template":"","format":"standard","meta":{"_jetpack_memberships_contains_paid_content":false,"footnotes":""},"categories":[8],"tags":[],"class_list":["post-27690","post","type-post","status-publish","format-standard","has-post-thumbnail","hentry","category-region"],"jetpack_featured_media_url":"https:\/\/encuentroinformativo.com.mx\/wp-content\/uploads\/2022\/05\/63CE76DC-09E7-477A-8FC7-FAA54096F21C.jpeg","jetpack_sharing_enabled":true,"jetpack_likes_enabled":true,"amp_enabled":true,"_links":{"self":[{"href":"https:\/\/encuentroinformativo.com.mx\/index.php?rest_route=\/wp\/v2\/posts\/27690","targetHints":{"allow":["GET"]}}],"collection":[{"href":"https:\/\/encuentroinformativo.com.mx\/index.php?rest_route=\/wp\/v2\/posts"}],"about":[{"href":"https:\/\/encuentroinformativo.com.mx\/index.php?rest_route=\/wp\/v2\/types\/post"}],"author":[{"embeddable":true,"href":"https:\/\/encuentroinformativo.com.mx\/index.php?rest_route=\/wp\/v2\/users\/1"}],"replies":[{"embeddable":true,"href":"https:\/\/encuentroinformativo.com.mx\/index.php?rest_route=%2Fwp%2Fv2%2Fcomments&post=27690"}],"version-history":[{"count":1,"href":"https:\/\/encuentroinformativo.com.mx\/index.php?rest_route=\/wp\/v2\/posts\/27690\/revisions"}],"predecessor-version":[{"id":27694,"href":"https:\/\/encuentroinformativo.com.mx\/index.php?rest_route=\/wp\/v2\/posts\/27690\/revisions\/27694"}],"wp:featuredmedia":[{"embeddable":true,"href":"https:\/\/encuentroinformativo.com.mx\/index.php?rest_route=\/wp\/v2\/media\/27691"}],"wp:attachment":[{"href":"https:\/\/encuentroinformativo.com.mx\/index.php?rest_route=%2Fwp%2Fv2%2Fmedia&parent=27690"}],"wp:term":[{"taxonomy":"category","embeddable":true,"href":"https:\/\/encuentroinformativo.com.mx\/index.php?rest_route=%2Fwp%2Fv2%2Fcategories&post=27690"},{"taxonomy":"post_tag","embeddable":true,"href":"https:\/\/encuentroinformativo.com.mx\/index.php?rest_route=%2Fwp%2Fv2%2Ftags&post=27690"}],"curies":[{"name":"wp","href":"https:\/\/api.w.org\/{rel}","templated":true}]}}