{"id":27695,"date":"2022-05-25T00:37:22","date_gmt":"2022-05-25T05:37:22","guid":{"rendered":"https:\/\/encuentroinformativo.com.mx\/?p=27695"},"modified":"2022-05-25T00:37:26","modified_gmt":"2022-05-25T05:37:26","slug":"cuerpo-localizado-en-chachalacas-pertenece-a-viridiana-moreno","status":"publish","type":"post","link":"https:\/\/encuentroinformativo.com.mx\/?p=27695","title":{"rendered":"Cuerpo localizado en Chachalacas pertenece a Viridiana Moreno"},"content":{"rendered":"\n<p><strong>Juan Arcos <\/strong><\/p>\n\n\n\n<p>Xalapa, Ver.- El cuerpo desmembrado que fue hallado en el pueblo de Chachalacas, municipio de \u00darsulo Galv\u00e1n, en la zona costera central de Veracruz, durante el fin de semana, corresponde al de Viridiana Moreno V\u00e1squez, la joven de 31 a\u00f1os que desapareci\u00f3 en ciudad Cardel, municipio de La Antigua.<\/p>\n\n\n\n<p>Sus familiares recibieron dicha noticia en la Direcci\u00f3n General de Servicios Periciales, en la ciudad de Xalapa, donde protestaban desde la tarde de este martes para exigir informaci\u00f3n sobre el paradero de la mujer que desapareci\u00f3 el pasado mi\u00e9rcoles 18 de mayo.<\/p>\n\n\n\n<p>A casi una semana de que se perdi\u00f3 toda comunicaci\u00f3n con ella y despu\u00e9s de cinco d\u00edas de manifestaciones por parte de sus familiares y amigos, se confirm\u00f3 la localizaci\u00f3n de su cad\u00e1ver, mismo que estaba mutilado.<\/p>\n\n\n\n<p>Sus familiares comentaron que el s\u00e1bado fueron encontrados restos humanos y, el domingo, la cabeza, as\u00ed como documentos y sus credenciales.<\/p>\n\n\n\n<p>\u201cEl d\u00eda de hoy se hizo una nota, de un peri\u00f3dico de Cardel, donde menciona que el cuerpo que se encontr\u00f3 en Chachalacas pertenece a Viridiana y que se supone un feminicidio\u201d, expresaron algunas amistades de la joven.<\/p>\n\n\n\n<p>La chica, de 31 a\u00f1os, desapareci\u00f3 en ciudad Cardel, municipio de La Antigua, cuando se dirig\u00eda al hotel \u201cBienvenido\u201d para una entrevista de trabajo como recepcionista; sin embargo, hasta el momento, se desconoce si lleg\u00f3 a su destino.<\/p>\n\n\n\n<p>Viridiana viv\u00eda con su familia en Cardel, pero era originaria de Tlaltetela. Fue vista por \u00faltima vez a las cuatro de la tarde del mi\u00e9rcoles pasado, presuntamente a bordo de su motoneta, color azul.<\/p>\n\n\n\n<p>\u201cEl cuerpo lo encontraron en el pueblo de Chachalacas, fuimos a apoyar en la b\u00fasqueda pero las personas que fueron encontraron los restos y las evidencias\u201d, a\u00f1adieron sus conocidos.<\/p>\n\n\n\n<p>Los padres de Viridiana, Enrique Moreno Marini y Aurora V\u00e1squez Rosales\u00a0ingresaron a las instalaciones de Servicios Periciales donde les dieron la desgarradora noticia. Posteriormente salieron llorando y destruidas del sitio.<\/p>\n\n\n\n<p>Se espera que en las pr\u00f3ximas horas la Fiscal\u00eda General del Estado (FGE) informe sobre este caso, pues el cuerpo de Viridiana permaneci\u00f3 al menos dos d\u00edas bajo resguardo de la dependencia, a cargo de Ver\u00f3nica Hern\u00e1ndez Giad\u00e1ns.<\/p>\n","protected":false},"excerpt":{"rendered":"<p>Juan Arcos Xalapa, Ver.- El cuerpo desmembrado que fue hallado en el pueblo de Chachalacas, municipio de \u00darsulo Galv\u00e1n, en la zona costera central de Veracruz, durante el fin de semana, corresponde al de Viridiana Moreno V\u00e1squez, la joven de 31 a\u00f1os que desapareci\u00f3 en ciudad Cardel, municipio de La Antigua. Sus familiares recibieron dicha [&hellip;]<\/p>\n","protected":false},"author":1,"featured_media":27696,"comment_status":"open","ping_status":"open","sticky":false,"template":"","format":"standard","meta":{"_jetpack_memberships_contains_paid_content":false,"footnotes":""},"categories":[8],"tags":[],"class_list":["post-27695","post","type-post","status-publish","format-standard","has-post-thumbnail","hentry","category-region"],"jetpack_featured_media_url":"https:\/\/encuentroinformativo.com.mx\/wp-content\/uploads\/2022\/05\/1B58999C-D7D7-4EB2-B1CE-1D61DE0D7CE7.jpeg","jetpack_sharing_enabled":true,"jetpack_likes_enabled":true,"amp_enabled":true,"_links":{"self":[{"href":"https:\/\/encuentroinformativo.com.mx\/index.php?rest_route=\/wp\/v2\/posts\/27695","targetHints":{"allow":["GET"]}}],"collection":[{"href":"https:\/\/encuentroinformativo.com.mx\/index.php?rest_route=\/wp\/v2\/posts"}],"about":[{"href":"https:\/\/encuentroinformativo.com.mx\/index.php?rest_route=\/wp\/v2\/types\/post"}],"author":[{"embeddable":true,"href":"https:\/\/encuentroinformativo.com.mx\/index.php?rest_route=\/wp\/v2\/users\/1"}],"replies":[{"embeddable":true,"href":"https:\/\/encuentroinformativo.com.mx\/index.php?rest_route=%2Fwp%2Fv2%2Fcomments&post=27695"}],"version-history":[{"count":1,"href":"https:\/\/encuentroinformativo.com.mx\/index.php?rest_route=\/wp\/v2\/posts\/27695\/revisions"}],"predecessor-version":[{"id":27697,"href":"https:\/\/encuentroinformativo.com.mx\/index.php?rest_route=\/wp\/v2\/posts\/27695\/revisions\/27697"}],"wp:featuredmedia":[{"embeddable":true,"href":"https:\/\/encuentroinformativo.com.mx\/index.php?rest_route=\/wp\/v2\/media\/27696"}],"wp:attachment":[{"href":"https:\/\/encuentroinformativo.com.mx\/index.php?rest_route=%2Fwp%2Fv2%2Fmedia&parent=27695"}],"wp:term":[{"taxonomy":"category","embeddable":true,"href":"https:\/\/encuentroinformativo.com.mx\/index.php?rest_route=%2Fwp%2Fv2%2Fcategories&post=27695"},{"taxonomy":"post_tag","embeddable":true,"href":"https:\/\/encuentroinformativo.com.mx\/index.php?rest_route=%2Fwp%2Fv2%2Ftags&post=27695"}],"curies":[{"name":"wp","href":"https:\/\/api.w.org\/{rel}","templated":true}]}}