{"id":27700,"date":"2022-05-25T10:17:46","date_gmt":"2022-05-25T15:17:46","guid":{"rendered":"https:\/\/encuentroinformativo.com.mx\/?p=27700"},"modified":"2022-05-25T10:17:50","modified_gmt":"2022-05-25T15:17:50","slug":"45-mil-veracruzanos-se-quedaran-sin-jovenes-construyendo-el-futuro-senador","status":"publish","type":"post","link":"https:\/\/encuentroinformativo.com.mx\/?p=27700","title":{"rendered":"45 mil veracruzanos se quedar\u00e1n sin &#8220;J\u00f3venes Construyendo el Futuro&#8221;: Senador"},"content":{"rendered":"\n<p><strong>Alejandro \u00c1vila<\/strong><\/p>\n\n\n\n<p>Veracruz, Ver.- El senador, Julen Rementer\u00eda del Puerto mencion\u00f3 que, en un a\u00f1o, m\u00e1s de 45 mil veracruzanos abandonar\u00e1n la escuela y se incrementar\u00e1 la tasa de desempleo, pues perder\u00e1n el apoyo del programa federal &#8220;J\u00f3venes Construyendo el Futuro&#8221;.<\/p>\n\n\n\n<p>\u201cEn Veracruz actualmente hay 26 mil 990 mujeres y 19 291 hombres inscritos en el programa de J\u00f3venes Construyendo el Futuro, pero en un a\u00f1o ya no tendr\u00e1n ese ingreso, entonces c\u00f3mo le har\u00e1n para mantener su seguridad alimentaria y econ\u00f3mica\u201d, dijo Rementer\u00eda del Puerto.\u00a0<\/p>\n\n\n\n<p>El legislador veracruzano dijo que, 23 por ciento de los j\u00f3venes entre 18 y 24 a\u00f1os en M\u00e9xico, no estudia ni trabaja, siendo est\u00e1 una de las tasas m\u00e1s altas a nivel mundial.<\/p>\n\n\n\n<p>Es por ello que exhorto al Gobierno Federal a evitar programas asistencialistas, y crear verdaderas estrategias y pol\u00edticas p\u00fablicas que mejoren la educaci\u00f3n y las oportunidades de empleo, para que los j\u00f3venes puedan desarrollarse.<\/p>\n\n\n\n<p>\u201cLa 4T aprovecha estas cifras y en lugar de mejorar el acceso a la educaci\u00f3n busca remediar con d\u00e1divas lo que deber\u00eda remediar con mejores estrategias para garantizar la educaci\u00f3n y mejores empleos. En M\u00e9xico, m\u00e1s de 4 millones de ni\u00f1os, ni\u00f1as y adolescentes no asisten a la escuela, mientras que 600 mil m\u00e1s est\u00e1n en riesgo de dejarla por diversos factores como la falta de recursos, la lejan\u00eda de las escuelas y la violencia, eso es lo que deber\u00eda estar solucionando el gobierno federal y el estatal\u201d, dijo el legislador.&nbsp;<\/p>\n\n\n\n<p>Resalt\u00f3 que en el caso de Veracruz las cifras son alarmantes, pues de acuerdo con el \u00faltimo Censo Nacional de Poblaci\u00f3n y Vivienda 2020 del INEGI, el 55 por ciento de los veracruzanos de entre 15 y 24 a\u00f1os dej\u00f3 la escuela, siendo la pandemia un factor que agudiz\u00f3 el problema.<\/p>\n","protected":false},"excerpt":{"rendered":"<p>Alejandro \u00c1vila Veracruz, Ver.- El senador, Julen Rementer\u00eda del Puerto mencion\u00f3 que, en un a\u00f1o, m\u00e1s de 45 mil veracruzanos abandonar\u00e1n la escuela y se incrementar\u00e1 la tasa de desempleo, pues perder\u00e1n el apoyo del programa federal &#8220;J\u00f3venes Construyendo el Futuro&#8221;. \u201cEn Veracruz actualmente hay 26 mil 990 mujeres y 19 291 hombres inscritos en [&hellip;]<\/p>\n","protected":false},"author":1,"featured_media":27701,"comment_status":"open","ping_status":"open","sticky":false,"template":"","format":"standard","meta":{"_jetpack_memberships_contains_paid_content":false,"footnotes":""},"categories":[2],"tags":[],"class_list":["post-27700","post","type-post","status-publish","format-standard","has-post-thumbnail","hentry","category-estado"],"jetpack_featured_media_url":"https:\/\/encuentroinformativo.com.mx\/wp-content\/uploads\/2022\/05\/C6F6DB10-9E60-49EA-9873-7C13D1A1ED29.jpeg","jetpack_sharing_enabled":true,"jetpack_likes_enabled":true,"amp_enabled":true,"_links":{"self":[{"href":"https:\/\/encuentroinformativo.com.mx\/index.php?rest_route=\/wp\/v2\/posts\/27700","targetHints":{"allow":["GET"]}}],"collection":[{"href":"https:\/\/encuentroinformativo.com.mx\/index.php?rest_route=\/wp\/v2\/posts"}],"about":[{"href":"https:\/\/encuentroinformativo.com.mx\/index.php?rest_route=\/wp\/v2\/types\/post"}],"author":[{"embeddable":true,"href":"https:\/\/encuentroinformativo.com.mx\/index.php?rest_route=\/wp\/v2\/users\/1"}],"replies":[{"embeddable":true,"href":"https:\/\/encuentroinformativo.com.mx\/index.php?rest_route=%2Fwp%2Fv2%2Fcomments&post=27700"}],"version-history":[{"count":1,"href":"https:\/\/encuentroinformativo.com.mx\/index.php?rest_route=\/wp\/v2\/posts\/27700\/revisions"}],"predecessor-version":[{"id":27702,"href":"https:\/\/encuentroinformativo.com.mx\/index.php?rest_route=\/wp\/v2\/posts\/27700\/revisions\/27702"}],"wp:featuredmedia":[{"embeddable":true,"href":"https:\/\/encuentroinformativo.com.mx\/index.php?rest_route=\/wp\/v2\/media\/27701"}],"wp:attachment":[{"href":"https:\/\/encuentroinformativo.com.mx\/index.php?rest_route=%2Fwp%2Fv2%2Fmedia&parent=27700"}],"wp:term":[{"taxonomy":"category","embeddable":true,"href":"https:\/\/encuentroinformativo.com.mx\/index.php?rest_route=%2Fwp%2Fv2%2Fcategories&post=27700"},{"taxonomy":"post_tag","embeddable":true,"href":"https:\/\/encuentroinformativo.com.mx\/index.php?rest_route=%2Fwp%2Fv2%2Ftags&post=27700"}],"curies":[{"name":"wp","href":"https:\/\/api.w.org\/{rel}","templated":true}]}}