{"id":27706,"date":"2022-05-25T10:24:28","date_gmt":"2022-05-25T15:24:28","guid":{"rendered":"https:\/\/encuentroinformativo.com.mx\/?p=27706"},"modified":"2022-05-25T10:24:31","modified_gmt":"2022-05-25T15:24:31","slug":"medellin-sera-sede-de-la-jornada-de-atencion-ciudadana-de-gobierno-del-estado","status":"publish","type":"post","link":"https:\/\/encuentroinformativo.com.mx\/?p=27706","title":{"rendered":"Medell\u00edn ser\u00e1 sede de la Jornada de Atenci\u00f3n Ciudadana de Gobierno del Estado"},"content":{"rendered":"\n<p><strong>Alejandro \u00c1vila<\/strong><\/p>\n\n\n\n<p>Medell\u00edn de Bravo, Ver.- El Ayuntamiento de Medell\u00edn de Bravo ser\u00e1 sede la Jornada de Atenci\u00f3n Ciudadana organizada por el Gobierno del Estado, en la cual se ofrecer\u00e1n asesor\u00edas jur\u00eddicas, servicios m\u00e9dicos y capacitaciones para emprendedores, todos lo ofrecido ser\u00e1 totalmente gratuito.<\/p>\n\n\n\n<p>La atenci\u00f3n se estar\u00e1 brindando este jueves 26 de mayo en el Parque Central -frente al Palacio Municipal- de Medell\u00edn, en horario de 10 de la ma\u00f1ana a 4 de la tarde.<\/p>\n\n\n\n<p>El evento es convocado por la Secretar\u00eda de Gobierno, en coordinaci\u00f3n con la Direcci\u00f3n General de Consolidaci\u00f3n del Sistema de Justicia Penal y el Ayuntamiento medellinense que preside el alcalde Marcos Isle\u00f1o Andrade.<\/p>\n\n\n\n<p>En la Jornada de Atenci\u00f3n Ciudadana participar\u00e1n las siguientes dependencias con los siguientes servicios gratuitos:<\/p>\n\n\n\n<p>1.- Instituto Veracruzano de las Mujeres<\/p>\n\n\n\n<p>*Informaci\u00f3n sobre violencia contra las mujeres, violencia de g\u00e9nero.<\/p>\n\n\n\n<p>*Los servicios gratuitos con los que cuenta el instituto.<\/p>\n\n\n\n<p>2.- Comisi\u00f3n Ejecutiva Estatal a Atenci\u00f3n Integral a V\u00edctimas<\/p>\n\n\n\n<p>*Asesor\u00edas Jur\u00eddicas<\/p>\n\n\n\n<p>3.- Instituto Veracruzano de la Defensor\u00eda P\u00fablica<\/p>\n\n\n\n<p>*Asesor\u00edas Jur\u00eddicas<\/p>\n\n\n\n<p>4.- Instituto para la Capacitaci\u00f3n y el Trabajo en Veracruz ( ICATVER)<\/p>\n\n\n\n<p>*Cortes de cabello<\/p>\n\n\n\n<p>*Colorimetr\u00eda<\/p>\n\n\n\n<p>*Taller de u\u00f1as<\/p>\n\n\n\n<p>*Taller de reposter\u00eda<\/p>\n\n\n\n<p>5.- Secretar\u00eda de Salud de Veracruz<\/p>\n\n\n\n<p>*Toma de glucosa<\/p>\n\n\n\n<p>*Toma de presi\u00f3n<\/p>\n\n\n\n<p>*Estudio de ant\u00edgeno prost\u00e1tico.<\/p>\n\n\n\n<p>*Medicina (Consulta general, entrega de medicamentos)<\/p>\n\n\n\n<p>*Enfermer\u00eda (Medicina preventiva, detecciones de padecimientos cr\u00f3nico-degenerativos, revisi\u00f3n y actualizaci\u00f3n de cartilla, vacunaci\u00f3n -Esquemas b\u00e1sicos, Covid-19, etc).<\/p>\n\n\n\n<p>*Salud Bucal (Prevenci\u00f3n \u2013t\u00e9cnica de cepillado y prevenci\u00f3n de caries).<\/p>\n\n\n\n<p>*Salud reproductiva (Orientaci\u00f3n y consejer\u00eda en MPF, orientaci\u00f3n y prevenci\u00f3n de c\u00e1ncer cervicouterino y de mama, orientaci\u00f3n y prevenci\u00f3n del embarazo adolescente).<\/p>\n\n\n\n<p>*VIH (Orientaci\u00f3n y prevenci\u00f3n)<\/p>\n\n\n\n<p>*Nutrici\u00f3n (Estilos de vida saludables \u2013plato del buen comer-, control nutricional).<\/p>\n\n\n\n<p>*Zoonosis (Vacunaci\u00f3n canina y promoci\u00f3n de la esterilizaci\u00f3n).<\/p>\n\n\n\n<p>*Vectores (eliminaci\u00f3n de criaderos, prevenci\u00f3n de enfermedades transmitidas por vector).<\/p>\n\n\n\n<p>6.- Registro Civil<\/p>\n\n\n\n<p>*Actas de nacimiento.<\/p>\n\n\n\n<p>7.-Instituto Veracruzano de la Juventud<\/p>\n\n\n\n<p>*Asesor\u00edas.<\/p>\n\n\n\n<p>8.- Instituto Veracruzano del Deporte<\/p>\n\n\n\n<p>*Asesor\u00edas.<\/p>\n\n\n\n<p>9.- Secretar\u00eda de Educaci\u00f3n de Veracruz<\/p>\n\n\n\n<p>*Apoyo en la recuperaci\u00f3n de certificados de&nbsp; estudios.<\/p>\n\n\n\n<p>*Requisitos para educaci\u00f3n abierta.&nbsp;<\/p>\n\n\n\n<p>*Asesor\u00eda y canalizaci\u00f3n si el problema es de nivel medio superior.<\/p>\n\n\n\n<p>*Tramitaci\u00f3n de becas escolares.<\/p>\n\n\n\n<p>*Orientaci\u00f3n sobre estudios acad\u00e9micos inconclusos.<\/p>\n\n\n\n<p>10.- Sistema Integral de Protecci\u00f3n a Ni\u00f1as, Ni\u00f1os y Adolescentes.<\/p>\n\n\n\n<p>*Asesor\u00edas<\/p>\n\n\n\n<p>11.- DIF Estatal<\/p>\n\n\n\n<p>*Asesor\u00edas<\/p>\n\n\n\n<p>12.- Procuradur\u00eda de la Defensa del Trabajo.<\/p>\n\n\n\n<p>*Asesor\u00edas<\/p>\n\n\n\n<p>13.- Servicio Nacional del Empleo<\/p>\n\n\n\n<p>*Bolsa de trabajo.<\/p>\n\n\n\n<p>*Talleres para buscadores de empleo presenciales o virtuales (como elaborar un CV, como presentarse a la entrevista).<\/p>\n\n\n\n<p>*Movilidad externa (Trabajo en el extranjero).<\/p>\n\n\n\n<p>Para mayor informaci\u00f3n se ponen a disposici\u00f3n de la ciudadan\u00eda los siguientes n\u00fameros telef\u00f3nicos: 228 841 7400 extensi\u00f3n 3275 y 3249 o 229 118 6366.<\/p>\n","protected":false},"excerpt":{"rendered":"<p>Alejandro \u00c1vila Medell\u00edn de Bravo, Ver.- El Ayuntamiento de Medell\u00edn de Bravo ser\u00e1 sede la Jornada de Atenci\u00f3n Ciudadana organizada por el Gobierno del Estado, en la cual se ofrecer\u00e1n asesor\u00edas jur\u00eddicas, servicios m\u00e9dicos y capacitaciones para emprendedores, todos lo ofrecido ser\u00e1 totalmente gratuito. La atenci\u00f3n se estar\u00e1 brindando este jueves 26 de mayo en [&hellip;]<\/p>\n","protected":false},"author":1,"featured_media":27707,"comment_status":"open","ping_status":"open","sticky":false,"template":"","format":"standard","meta":{"_jetpack_memberships_contains_paid_content":false,"footnotes":""},"categories":[2],"tags":[],"class_list":["post-27706","post","type-post","status-publish","format-standard","has-post-thumbnail","hentry","category-estado"],"jetpack_featured_media_url":"https:\/\/encuentroinformativo.com.mx\/wp-content\/uploads\/2022\/05\/31476258-73C3-4E2D-868B-A2E0828886C1.jpeg","jetpack_sharing_enabled":true,"jetpack_likes_enabled":true,"amp_enabled":true,"_links":{"self":[{"href":"https:\/\/encuentroinformativo.com.mx\/index.php?rest_route=\/wp\/v2\/posts\/27706","targetHints":{"allow":["GET"]}}],"collection":[{"href":"https:\/\/encuentroinformativo.com.mx\/index.php?rest_route=\/wp\/v2\/posts"}],"about":[{"href":"https:\/\/encuentroinformativo.com.mx\/index.php?rest_route=\/wp\/v2\/types\/post"}],"author":[{"embeddable":true,"href":"https:\/\/encuentroinformativo.com.mx\/index.php?rest_route=\/wp\/v2\/users\/1"}],"replies":[{"embeddable":true,"href":"https:\/\/encuentroinformativo.com.mx\/index.php?rest_route=%2Fwp%2Fv2%2Fcomments&post=27706"}],"version-history":[{"count":1,"href":"https:\/\/encuentroinformativo.com.mx\/index.php?rest_route=\/wp\/v2\/posts\/27706\/revisions"}],"predecessor-version":[{"id":27708,"href":"https:\/\/encuentroinformativo.com.mx\/index.php?rest_route=\/wp\/v2\/posts\/27706\/revisions\/27708"}],"wp:featuredmedia":[{"embeddable":true,"href":"https:\/\/encuentroinformativo.com.mx\/index.php?rest_route=\/wp\/v2\/media\/27707"}],"wp:attachment":[{"href":"https:\/\/encuentroinformativo.com.mx\/index.php?rest_route=%2Fwp%2Fv2%2Fmedia&parent=27706"}],"wp:term":[{"taxonomy":"category","embeddable":true,"href":"https:\/\/encuentroinformativo.com.mx\/index.php?rest_route=%2Fwp%2Fv2%2Fcategories&post=27706"},{"taxonomy":"post_tag","embeddable":true,"href":"https:\/\/encuentroinformativo.com.mx\/index.php?rest_route=%2Fwp%2Fv2%2Ftags&post=27706"}],"curies":[{"name":"wp","href":"https:\/\/api.w.org\/{rel}","templated":true}]}}