{"id":27709,"date":"2022-05-25T10:48:57","date_gmt":"2022-05-25T15:48:57","guid":{"rendered":"https:\/\/encuentroinformativo.com.mx\/?p=27709"},"modified":"2022-05-25T10:49:01","modified_gmt":"2022-05-25T15:49:01","slug":"protestan-padres-de-primaria-colosio-rechazan-cambio-de-director","status":"publish","type":"post","link":"https:\/\/encuentroinformativo.com.mx\/?p=27709","title":{"rendered":"Protestan padres de primaria \u201cColosio\u201d, rechazan cambio de director"},"content":{"rendered":"\n<p><strong>Juan Arcos <\/strong><\/p>\n\n\n\n<p>Xalapa, Ver.- Madres y padres de familia protestaron afuera de la primaria federal \u201cLuis Donaldo Colosio Murrieta\u201d en rechazo a la remoci\u00f3n del director del plantel, Irineo Rodr\u00edguez M\u00e9ndez, pues consideran que ha desempe\u00f1ado de manera positiva su cargo.<\/p>\n\n\n\n<p>Los quejosos mencionaron que el Director asumi\u00f3 el cargo en marzo de 2020 y, desde entonces, ha atendido las necesidades de la instancia acad\u00e9mica.<\/p>\n\n\n\n<p>Las personas mostraron una lona con fotograf\u00edas de las obras que se han realizado debido a la gesti\u00f3n de Rodr\u00edguez M\u00e9ndez, como la construcci\u00f3n de banqueta para salones y lavabos, la ampliaci\u00f3n de techado y alcantarillado, por mencionar algunas.<\/p>\n\n\n\n<p>De acuerdo con Joel Hern\u00e1ndez Hern\u00e1ndez, presidente de la Asociaci\u00f3n de Padres de Familia, los inconformes no permitir\u00e1n el acceso del nuevo director, Carlos Alberto del \u00c1ngel Guzm\u00e1n, quien fue nombrado por la Secretar\u00eda de Educaci\u00f3n de Veracruz (SEV).<\/p>\n\n\n\n<p>\u201cNos quieren quitar al director, nos ha apoyado bastante, llegamos y no hab\u00eda port\u00f3n, no hab\u00eda barda, no hab\u00eda ba\u00f1os, los ni\u00f1os andaban en el lodo\u201d, expres\u00f3.<\/p>\n\n\n\n<p>El entrevistado mencion\u00f3 que el nuevo director procede del municipio de Altotonga y accedi\u00f3 a un cambio de adscripci\u00f3n, como agremiado de la secci\u00f3n 32 del Sindicato Nacional de Trabajadores de la Educaci\u00f3n (SNTE).<\/p>\n\n\n\n<p>\u201cNo sabemos c\u00f3mo trabaja este director, no sabemos por qu\u00e9 lo est\u00e1n pasando para ac\u00e1, dicen que se gan\u00f3 el derecho a escoger una escuela en Xalapa, m\u00e1s cerca\u201d, a\u00f1adi\u00f3.<\/p>\n\n\n\n<p>La escuela se encuentra sobre la calle Luis Donaldo Colosio Murrieta de la colonia Miguel Alem\u00e1n, en la Reserva Territorial de Xalapa.<\/p>\n\n\n\n<p>Las mam\u00e1s y pap\u00e1s est\u00e1n dispuestos a tomar las oficinas centrales de la SEV, para que sea solucionada esta problem\u00e1tica.<\/p>\n","protected":false},"excerpt":{"rendered":"<p>Juan Arcos Xalapa, Ver.- Madres y padres de familia protestaron afuera de la primaria federal \u201cLuis Donaldo Colosio Murrieta\u201d en rechazo a la remoci\u00f3n del director del plantel, Irineo Rodr\u00edguez M\u00e9ndez, pues consideran que ha desempe\u00f1ado de manera positiva su cargo. Los quejosos mencionaron que el Director asumi\u00f3 el cargo en marzo de 2020 y, [&hellip;]<\/p>\n","protected":false},"author":1,"featured_media":27710,"comment_status":"open","ping_status":"open","sticky":false,"template":"","format":"standard","meta":{"_jetpack_memberships_contains_paid_content":false,"footnotes":""},"categories":[3],"tags":[],"class_list":["post-27709","post","type-post","status-publish","format-standard","has-post-thumbnail","hentry","category-xalapa"],"jetpack_featured_media_url":"https:\/\/encuentroinformativo.com.mx\/wp-content\/uploads\/2022\/05\/9C0EAD15-8359-4CD6-9E89-FF55F057209D.jpeg","jetpack_sharing_enabled":true,"jetpack_likes_enabled":true,"amp_enabled":true,"_links":{"self":[{"href":"https:\/\/encuentroinformativo.com.mx\/index.php?rest_route=\/wp\/v2\/posts\/27709","targetHints":{"allow":["GET"]}}],"collection":[{"href":"https:\/\/encuentroinformativo.com.mx\/index.php?rest_route=\/wp\/v2\/posts"}],"about":[{"href":"https:\/\/encuentroinformativo.com.mx\/index.php?rest_route=\/wp\/v2\/types\/post"}],"author":[{"embeddable":true,"href":"https:\/\/encuentroinformativo.com.mx\/index.php?rest_route=\/wp\/v2\/users\/1"}],"replies":[{"embeddable":true,"href":"https:\/\/encuentroinformativo.com.mx\/index.php?rest_route=%2Fwp%2Fv2%2Fcomments&post=27709"}],"version-history":[{"count":1,"href":"https:\/\/encuentroinformativo.com.mx\/index.php?rest_route=\/wp\/v2\/posts\/27709\/revisions"}],"predecessor-version":[{"id":27711,"href":"https:\/\/encuentroinformativo.com.mx\/index.php?rest_route=\/wp\/v2\/posts\/27709\/revisions\/27711"}],"wp:featuredmedia":[{"embeddable":true,"href":"https:\/\/encuentroinformativo.com.mx\/index.php?rest_route=\/wp\/v2\/media\/27710"}],"wp:attachment":[{"href":"https:\/\/encuentroinformativo.com.mx\/index.php?rest_route=%2Fwp%2Fv2%2Fmedia&parent=27709"}],"wp:term":[{"taxonomy":"category","embeddable":true,"href":"https:\/\/encuentroinformativo.com.mx\/index.php?rest_route=%2Fwp%2Fv2%2Fcategories&post=27709"},{"taxonomy":"post_tag","embeddable":true,"href":"https:\/\/encuentroinformativo.com.mx\/index.php?rest_route=%2Fwp%2Fv2%2Ftags&post=27709"}],"curies":[{"name":"wp","href":"https:\/\/api.w.org\/{rel}","templated":true}]}}