{"id":27715,"date":"2022-05-25T12:46:02","date_gmt":"2022-05-25T17:46:02","guid":{"rendered":"https:\/\/encuentroinformativo.com.mx\/?p=27715"},"modified":"2022-05-25T12:46:05","modified_gmt":"2022-05-25T17:46:05","slug":"docentes-reclaman-siguen-en-espera-de-asignacion-de-plazas","status":"publish","type":"post","link":"https:\/\/encuentroinformativo.com.mx\/?p=27715","title":{"rendered":"Docentes reclaman; siguen en espera de asignaci\u00f3n de plazas"},"content":{"rendered":"\n<p><strong>Juan Arcos <\/strong><\/p>\n\n\n\n<p>Xalapa, Ver.- Docentes de diversos municipios protestaron afuera de las oficinas centrales de la Secretar\u00eda de Educaci\u00f3n de Veracruz (SEV) para exigir una pr\u00f3rroga en el proceso de admisi\u00f3n 2021-2022, en busca de una plaza docente.<\/p>\n\n\n\n<p>Los quejosos sostuvieron pancartas en la entrada principal a la dependencia estatal, ubicada sobre la carretera federal Xalapa-Veracruz, para que las autoridades atiendan sus demandas.<\/p>\n\n\n\n<p>De manera an\u00f3nima, los profesores indicaron que pasaron los ex\u00e1menes correspondientes y a\u00fan no han sido llamados para ocupar un espacio laboral en los planteles educativos.<\/p>\n\n\n\n<p>\u201cLos llamados fueron demasiado tarde. En septiembre fue uno, en febrero fue otro y ahorita el 31 de mayo es el tercer llamado\u201d, expresaron.<\/p>\n\n\n\n<p>Indicaron que hicieron el esfuerzo de realizar el examen con las dificultades que se presentaron en la Unidad del Sistema para la Carrera de Maestros y Maestras (USICAMM), debido a que fue en l\u00ednea.<\/p>\n\n\n\n<p>\u201cHubo muchas irregularidades en el sistema, nos sacaba, ten\u00edamos que entrar y salir a casa rato del sistema y fue dif\u00edcil llegar al n\u00famero en el que estamos nosotros. Somos algunos interinos\u201d, a\u00f1adieron.<\/p>\n\n\n\n<p>Los docentes de primaria, secundaria y educaci\u00f3n f\u00edsica comentaron que hay espacios disponibles en municipios marginados de las zonas norte y sur del estado de Veracruz.<\/p>\n\n\n\n<p>\u201cNo pedimos centro de Xalapa, no pedimos centro de Veracruz, pedimos zonas marginadas porque son lugares a los que nadie se quiere ir\u201d, enfatizaron.<\/p>\n\n\n\n<p>Los inconformes amagaron con seguir manifest\u00e1ndose en las oficinas centrales de la SEV hasta obtener una respuesta favorable.<\/p>\n","protected":false},"excerpt":{"rendered":"<p>Juan Arcos Xalapa, Ver.- Docentes de diversos municipios protestaron afuera de las oficinas centrales de la Secretar\u00eda de Educaci\u00f3n de Veracruz (SEV) para exigir una pr\u00f3rroga en el proceso de admisi\u00f3n 2021-2022, en busca de una plaza docente. Los quejosos sostuvieron pancartas en la entrada principal a la dependencia estatal, ubicada sobre la carretera federal [&hellip;]<\/p>\n","protected":false},"author":1,"featured_media":27716,"comment_status":"open","ping_status":"open","sticky":false,"template":"","format":"standard","meta":{"_jetpack_memberships_contains_paid_content":false,"footnotes":""},"categories":[3],"tags":[],"class_list":["post-27715","post","type-post","status-publish","format-standard","has-post-thumbnail","hentry","category-xalapa"],"jetpack_featured_media_url":"https:\/\/encuentroinformativo.com.mx\/wp-content\/uploads\/2022\/05\/07B2AAE9-ADDE-469C-9E99-9CFE75DCA328.jpeg","jetpack_sharing_enabled":true,"jetpack_likes_enabled":true,"amp_enabled":true,"_links":{"self":[{"href":"https:\/\/encuentroinformativo.com.mx\/index.php?rest_route=\/wp\/v2\/posts\/27715","targetHints":{"allow":["GET"]}}],"collection":[{"href":"https:\/\/encuentroinformativo.com.mx\/index.php?rest_route=\/wp\/v2\/posts"}],"about":[{"href":"https:\/\/encuentroinformativo.com.mx\/index.php?rest_route=\/wp\/v2\/types\/post"}],"author":[{"embeddable":true,"href":"https:\/\/encuentroinformativo.com.mx\/index.php?rest_route=\/wp\/v2\/users\/1"}],"replies":[{"embeddable":true,"href":"https:\/\/encuentroinformativo.com.mx\/index.php?rest_route=%2Fwp%2Fv2%2Fcomments&post=27715"}],"version-history":[{"count":1,"href":"https:\/\/encuentroinformativo.com.mx\/index.php?rest_route=\/wp\/v2\/posts\/27715\/revisions"}],"predecessor-version":[{"id":27717,"href":"https:\/\/encuentroinformativo.com.mx\/index.php?rest_route=\/wp\/v2\/posts\/27715\/revisions\/27717"}],"wp:featuredmedia":[{"embeddable":true,"href":"https:\/\/encuentroinformativo.com.mx\/index.php?rest_route=\/wp\/v2\/media\/27716"}],"wp:attachment":[{"href":"https:\/\/encuentroinformativo.com.mx\/index.php?rest_route=%2Fwp%2Fv2%2Fmedia&parent=27715"}],"wp:term":[{"taxonomy":"category","embeddable":true,"href":"https:\/\/encuentroinformativo.com.mx\/index.php?rest_route=%2Fwp%2Fv2%2Fcategories&post=27715"},{"taxonomy":"post_tag","embeddable":true,"href":"https:\/\/encuentroinformativo.com.mx\/index.php?rest_route=%2Fwp%2Fv2%2Ftags&post=27715"}],"curies":[{"name":"wp","href":"https:\/\/api.w.org\/{rel}","templated":true}]}}