{"id":27721,"date":"2022-05-25T14:28:55","date_gmt":"2022-05-25T19:28:55","guid":{"rendered":"https:\/\/encuentroinformativo.com.mx\/?p=27721"},"modified":"2022-05-25T14:33:42","modified_gmt":"2022-05-25T19:33:42","slug":"solicitaran-comparecencia-de-la-fiscal-veronica-hernandez","status":"publish","type":"post","link":"https:\/\/encuentroinformativo.com.mx\/?p=27721","title":{"rendered":"Solicitar\u00e1n comparecencia de la Fiscal  Ver\u00f3nica  Hern\u00e1ndez"},"content":{"rendered":"\n<p><strong>Dar\u00edo Pale<\/strong><\/p>\n\n\n\n<p>Xalapa, Ver.- Exigen al gobernador Cuitl\u00e1huac Garc\u00eda Jim\u00e9nez que as\u00ed con el \u00edmpetu que le import\u00f3 la vida de un manat\u00ed, demuestre que le importa la vida de una mujer veracruzana.<\/p>\n\n\n\n<p>En conferencia de prensa Monserrat Ortega se\u00f1al\u00f3 que, &#8220;desde aqu\u00ed le decimos que no se puede abdicar a esa responsabilidad, puesto que ello representa el incumplimiento de un deber legal que le impone su encargo y, m\u00e1s a\u00fan, deja en estado de indefensi\u00f3n a la ciudadan\u00eda&#8221;.<\/p>\n\n\n\n<p>Record\u00f3 que la Constituci\u00f3n de Veracruz mandata al Ejecutivo la responsabilidad de garantizar la seguridad de las y los ciudadanos, evadir esa responsabilidad es un acto de cobard\u00eda, de irresponsabilidad.<\/p>\n\n\n\n<p>&#8220;Por eso desde el Partido Acci\u00f3n Nacional exigimos al gobierno federal y al gobierno del Estado que ya se pongan a trabajar y asuman, de una vez por todas su responsabilidad de garantizar la seguridad de las mujeres en M\u00e9xico y en Veracruz&#8221;, se\u00f1al\u00f3.<\/p>\n\n\n\n<p>La legisladora refiri\u00f3 que Veracruz ocupa el segundo lugar de feminicidios, con base en cifras del Secretariado Ejecutivo del Sistema Nacional de Seguridad P\u00fablica, por lo que sostuvo que la violencia contra las mujeres es una violaci\u00f3n a sus derechos humanos y atentado a la dignidad humana.<\/p>\n\n\n\n<p>Por ello, exigi\u00f3 que se garantice a las mujeres una vida libre de violencia en pleno ejercicio a su derecho a la justicia, as\u00ed como un alto a la impunidad.<\/p>\n\n\n\n<p>Afirm\u00f3 que a pesar de que en Veracruz s\u00ed se cuenta con los mecanismos institucionales y legislaci\u00f3n a favor de la igualdad, las pol\u00edticas implementadas no est\u00e1n dando resultados.<\/p>\n\n\n\n<p>Por su parte, la senadora Indira Rosales San Rom\u00e1n, indic\u00f3 que solicitar\u00e1n que la fiscal general del Estado, Ver\u00f3nica Hern\u00e1ndez Giad\u00e1ns comparezca ante el Congreso del Estado para que rinda cuentas y aclare todo lo que ha estado sucediendo.<\/p>\n\n\n\n<p>&#8220;No podemos continuar viviendo un d\u00eda a la vez sin tener la certidumbre de lo que est\u00e1 pasando en todos los casos y de ser necesario tambi\u00e9n solicitaremos su remoci\u00f3n porque necesitamos justicia&#8221;, acus\u00f3.<\/p>\n\n\n\n<p>Finalmente se\u00f1al\u00f3 &#8220;no podemos seguir acumulando personas desaparecidas y casos sin resolver o tratan de ser resueltos de forma vergonzosa&#8221;.<\/p>\n","protected":false},"excerpt":{"rendered":"<p>Dar\u00edo Pale Xalapa, Ver.- Exigen al gobernador Cuitl\u00e1huac Garc\u00eda Jim\u00e9nez que as\u00ed con el \u00edmpetu que le import\u00f3 la vida de un manat\u00ed, demuestre que le importa la vida de una mujer veracruzana. En conferencia de prensa Monserrat Ortega se\u00f1al\u00f3 que, &#8220;desde aqu\u00ed le decimos que no se puede abdicar a esa responsabilidad, puesto que [&hellip;]<\/p>\n","protected":false},"author":1,"featured_media":27723,"comment_status":"open","ping_status":"open","sticky":false,"template":"","format":"standard","meta":{"_jetpack_memberships_contains_paid_content":false,"footnotes":""},"categories":[2],"tags":[],"class_list":["post-27721","post","type-post","status-publish","format-standard","has-post-thumbnail","hentry","category-estado"],"jetpack_featured_media_url":"https:\/\/encuentroinformativo.com.mx\/wp-content\/uploads\/2022\/05\/B9E53AFC-CA2B-44C9-8B93-71598F58C481.jpeg","jetpack_sharing_enabled":true,"jetpack_likes_enabled":true,"amp_enabled":true,"_links":{"self":[{"href":"https:\/\/encuentroinformativo.com.mx\/index.php?rest_route=\/wp\/v2\/posts\/27721","targetHints":{"allow":["GET"]}}],"collection":[{"href":"https:\/\/encuentroinformativo.com.mx\/index.php?rest_route=\/wp\/v2\/posts"}],"about":[{"href":"https:\/\/encuentroinformativo.com.mx\/index.php?rest_route=\/wp\/v2\/types\/post"}],"author":[{"embeddable":true,"href":"https:\/\/encuentroinformativo.com.mx\/index.php?rest_route=\/wp\/v2\/users\/1"}],"replies":[{"embeddable":true,"href":"https:\/\/encuentroinformativo.com.mx\/index.php?rest_route=%2Fwp%2Fv2%2Fcomments&post=27721"}],"version-history":[{"count":1,"href":"https:\/\/encuentroinformativo.com.mx\/index.php?rest_route=\/wp\/v2\/posts\/27721\/revisions"}],"predecessor-version":[{"id":27722,"href":"https:\/\/encuentroinformativo.com.mx\/index.php?rest_route=\/wp\/v2\/posts\/27721\/revisions\/27722"}],"wp:featuredmedia":[{"embeddable":true,"href":"https:\/\/encuentroinformativo.com.mx\/index.php?rest_route=\/wp\/v2\/media\/27723"}],"wp:attachment":[{"href":"https:\/\/encuentroinformativo.com.mx\/index.php?rest_route=%2Fwp%2Fv2%2Fmedia&parent=27721"}],"wp:term":[{"taxonomy":"category","embeddable":true,"href":"https:\/\/encuentroinformativo.com.mx\/index.php?rest_route=%2Fwp%2Fv2%2Fcategories&post=27721"},{"taxonomy":"post_tag","embeddable":true,"href":"https:\/\/encuentroinformativo.com.mx\/index.php?rest_route=%2Fwp%2Fv2%2Ftags&post=27721"}],"curies":[{"name":"wp","href":"https:\/\/api.w.org\/{rel}","templated":true}]}}