{"id":27734,"date":"2022-05-25T18:35:29","date_gmt":"2022-05-25T23:35:29","guid":{"rendered":"https:\/\/encuentroinformativo.com.mx\/?p=27734"},"modified":"2022-05-25T18:35:32","modified_gmt":"2022-05-25T23:35:32","slug":"familiares-rechazan-muerte-de-viridiana-marchan-en-xalapa","status":"publish","type":"post","link":"https:\/\/encuentroinformativo.com.mx\/?p=27734","title":{"rendered":"Familiares rechazan muerte de Viridiana, marchan en Xalapa"},"content":{"rendered":"\n<p><strong>Juan Arcos <\/strong><\/p>\n\n\n\n<p>Xalapa, Ver.- Familiares y amigos de Viridiana Moreno Vasquez marcharon por segunda vez en Xalapa, la capital del estado, para manifestar su rechazo a la versi\u00f3n oficial acerca de que el cuerpo encontrado en el pueblo de Chachalacas, municipio de \u00darsulo Galv\u00e1n, durante el fin de semana, corresponde al de este chica.<\/p>\n\n\n\n<p>La tarde de este mi\u00e9rcoles 25 de mayo se concentraron en el Teatro del Estado \u201cIgnacio de la Llave\u201d para posteriormente caminar hasta el Palacio de Gobierno, donde cerraron la calle Juan de la Luz Enr\u00edquez, para exigir justicia en este caso.<\/p>\n\n\n\n<p>A la movilizaci\u00f3n se sumaron integrantes de los colectivos Familiares Enlaces Xalapa y Buscando a Nuestros Desaparecidos y Desaparecidas Veracruz, quienes externaron su desconfianza en la Fiscal\u00eda General del Estado (FGE), a cargo de Ver\u00f3nica Hern\u00e1ndez Giad\u00e1ns.<\/p>\n\n\n\n<p>Tambi\u00e9n se observ\u00f3 a grupos feministas que protestaron vestidas de negro y con pa\u00f1uelos verdes y morados, en se\u00f1al de luto por las mujeres que han sido asesinadas o v\u00edctimas de feminicidio en el estado.<\/p>\n\n\n\n<p>Denunciaron anomal\u00edas en la investigaci\u00f3n para dar con el paradero de la joven, de 31 a\u00f1os, quien desapareci\u00f3 desde el pasado mi\u00e9rcoles 18 de mayo, cuando se dirig\u00eda a una entrevista de trabajo al hotel \u201cBienvenido\u201d, en ciudad Cardel, municipio de La Antigua.<\/p>\n\n\n\n<p>La mujer viv\u00eda en Cardel, pero es originaria del municipio de Tlaltetela. Desde hace cinco d\u00edas sus familiares y conocidos emprendieron una b\u00fasqueda en la zona, hallaron restos humanos sobre una calle de la localidad Chachalacas, municipio de \u00darsulo Galv\u00e1n.<\/p>\n\n\n\n<p>Ayer por la noche, los padres de Viridiana, Enrique Moreno Marini y Aurora V\u00e1squez Rosales, ingresaron a las instalaciones de la Direcci\u00f3n General de Servicios Periciales, donde les dijeron que dicho cad\u00e1ver correspond\u00eda al de Viridiana.<\/p>\n\n\n\n<p>\u201c\u00danete, \u00fanete, \u00fanete, que tu hija puede ser\u201d, \u201cno est\u00e1 muerta, queremos la verdad\u201d y \u201cno somos cinco, no somos cien, pinche gobierno cu\u00e9ntanos bien\u201d, fueron algunas de las consignas que lanzaron durante su recorrido.<\/p>\n\n\n\n<p>De acuerdo con Victoria Delgadillo Romero, representante del colectivo Familiares Enlaces Xalapa, la Fiscal\u00eda de Veracruz contin\u00faa siendo \u201cnegligente\u201d y \u201comisa\u201d en los casos de personas de desaparecidos que se han registrado en la entidad.<\/p>\n\n\n\n<p>\u201cSeguimos con negligencias, con mentiras, no hay nada. Hay desconfianza en la Fiscal\u00eda. Tenemos que luchar para que realmente se pongan a trabajar o de plano ya renuncien, si no pueden, que renuncien, todos los que no est\u00e1n funcionando, porque no est\u00e1n funcionando. Puras mentiras, puras negligencias\u201d, expres\u00f3.<\/p>\n\n\n\n<p>Las personas, en su mayor\u00eda procedentes de Tlaltetela, amagaron con seguir protestando en distintos puntos de la entidad hasta que el caso sea esclarecido.<\/p>\n\n\n\n<p>Cabe destacar que tambi\u00e9n se manifest\u00f3 un grupo de personas en ciudad Cardel con pintas en monumentos hist\u00f3ricos y destrozos en el hotel \u201cBienvenido\u201d donde supuestamente Viridiana acudi\u00f3 a su entrevista de trabajo, pero desapareci\u00f3.<\/p>\n\n\n\n<p>All\u00ed, hicieron destrozos en Palacio Municipal de La Antigua, donde tambi\u00e9n quemaron cartulinas y pintaron las paredes y el piso.<\/p>\n\n\n\n<figure class=\"wp-block-image size-large\"><img loading=\"lazy\" decoding=\"async\" width=\"1024\" height=\"768\" src=\"https:\/\/encuentroinformativo.com.mx\/wp-content\/uploads\/2022\/05\/F7EE2250-ECAA-4E2F-BE9D-394B2B2120DF-1024x768.jpeg\" alt=\"\" class=\"wp-image-27736\" srcset=\"https:\/\/encuentroinformativo.com.mx\/wp-content\/uploads\/2022\/05\/F7EE2250-ECAA-4E2F-BE9D-394B2B2120DF-1024x768.jpeg 1024w, https:\/\/encuentroinformativo.com.mx\/wp-content\/uploads\/2022\/05\/F7EE2250-ECAA-4E2F-BE9D-394B2B2120DF-300x225.jpeg 300w, https:\/\/encuentroinformativo.com.mx\/wp-content\/uploads\/2022\/05\/F7EE2250-ECAA-4E2F-BE9D-394B2B2120DF-768x576.jpeg 768w, https:\/\/encuentroinformativo.com.mx\/wp-content\/uploads\/2022\/05\/F7EE2250-ECAA-4E2F-BE9D-394B2B2120DF-1536x1152.jpeg 1536w, https:\/\/encuentroinformativo.com.mx\/wp-content\/uploads\/2022\/05\/F7EE2250-ECAA-4E2F-BE9D-394B2B2120DF.jpeg 2016w\" sizes=\"auto, (max-width: 1024px) 100vw, 1024px\" \/><\/figure>\n","protected":false},"excerpt":{"rendered":"<p>Juan Arcos Xalapa, Ver.- Familiares y amigos de Viridiana Moreno Vasquez marcharon por segunda vez en Xalapa, la capital del estado, para manifestar su rechazo a la versi\u00f3n oficial acerca de que el cuerpo encontrado en el pueblo de Chachalacas, municipio de \u00darsulo Galv\u00e1n, durante el fin de semana, corresponde al de este chica. La [&hellip;]<\/p>\n","protected":false},"author":1,"featured_media":27735,"comment_status":"open","ping_status":"open","sticky":false,"template":"","format":"standard","meta":{"_jetpack_memberships_contains_paid_content":false,"footnotes":""},"categories":[3],"tags":[],"class_list":["post-27734","post","type-post","status-publish","format-standard","has-post-thumbnail","hentry","category-xalapa"],"jetpack_featured_media_url":"https:\/\/encuentroinformativo.com.mx\/wp-content\/uploads\/2022\/05\/9A452DFC-BA09-4523-ACB1-750AB6C66C58.jpeg","jetpack_sharing_enabled":true,"jetpack_likes_enabled":true,"amp_enabled":true,"_links":{"self":[{"href":"https:\/\/encuentroinformativo.com.mx\/index.php?rest_route=\/wp\/v2\/posts\/27734","targetHints":{"allow":["GET"]}}],"collection":[{"href":"https:\/\/encuentroinformativo.com.mx\/index.php?rest_route=\/wp\/v2\/posts"}],"about":[{"href":"https:\/\/encuentroinformativo.com.mx\/index.php?rest_route=\/wp\/v2\/types\/post"}],"author":[{"embeddable":true,"href":"https:\/\/encuentroinformativo.com.mx\/index.php?rest_route=\/wp\/v2\/users\/1"}],"replies":[{"embeddable":true,"href":"https:\/\/encuentroinformativo.com.mx\/index.php?rest_route=%2Fwp%2Fv2%2Fcomments&post=27734"}],"version-history":[{"count":1,"href":"https:\/\/encuentroinformativo.com.mx\/index.php?rest_route=\/wp\/v2\/posts\/27734\/revisions"}],"predecessor-version":[{"id":27737,"href":"https:\/\/encuentroinformativo.com.mx\/index.php?rest_route=\/wp\/v2\/posts\/27734\/revisions\/27737"}],"wp:featuredmedia":[{"embeddable":true,"href":"https:\/\/encuentroinformativo.com.mx\/index.php?rest_route=\/wp\/v2\/media\/27735"}],"wp:attachment":[{"href":"https:\/\/encuentroinformativo.com.mx\/index.php?rest_route=%2Fwp%2Fv2%2Fmedia&parent=27734"}],"wp:term":[{"taxonomy":"category","embeddable":true,"href":"https:\/\/encuentroinformativo.com.mx\/index.php?rest_route=%2Fwp%2Fv2%2Fcategories&post=27734"},{"taxonomy":"post_tag","embeddable":true,"href":"https:\/\/encuentroinformativo.com.mx\/index.php?rest_route=%2Fwp%2Fv2%2Ftags&post=27734"}],"curies":[{"name":"wp","href":"https:\/\/api.w.org\/{rel}","templated":true}]}}