{"id":2774,"date":"2020-05-25T07:05:51","date_gmt":"2020-05-25T12:05:51","guid":{"rendered":"https:\/\/encuentroinformativo.com\/?p=2774"},"modified":"2020-05-25T03:35:17","modified_gmt":"2020-05-25T08:35:17","slug":"gobernadores-contra-amlo","status":"publish","type":"post","link":"https:\/\/encuentroinformativo.com.mx\/?p=2774","title":{"rendered":"GOBERNADORES CONTRA AMLO"},"content":{"rendered":"\n<p><strong>+ \u00bfQui\u00e9n atent\u00f3 contra la hija de Mar\u00eda Elena Ferral?<br>+ Ataques a la Cuatro-T\u00e9, por reducci\u00f3n a partidos.<br>+ Crueldad animal contra perrito en Minatitl\u00e1n.<br>+ A los ayuntamientos de Veracruz y Xico les vale madre el coronavirus.<br><br><em>Se equivocaron: Mamado Nervo era el uruguayo.<br>&#8211;Chopenjawer<\/em><\/strong><br><br>El bloque de gobernadores contra el presidente Andr\u00e9s Manuel L\u00f3pez Obrador es algo que dif\u00edcilmente le quitar\u00e1 el sue\u00f1o al tabasque\u00f1o.\u00a0<\/p>\n\n\n\n<p>Se trata de los mandatarios estatales de Aguascalientes, Nuevo Le\u00f3n, Coahuila, Tamaulipas, Durango, Colima, Michoac\u00e1n y Jalisco, quienes tomaron ahora como bandera el asunto de las energ\u00edas renovables (ahora salieron muy ecologistas los &#8220;gobers&#8221;) y amenazan con actuar jur\u00eddicamente si el Gobierno federal no da marcha atr\u00e1s al acuerdo que anula la producci\u00f3n de energ\u00eda solar y e\u00f3lica.<\/p>\n\n\n\n<p>Anteriormente, el bloque antiAMLO era el tema del pacto fiscal, pero a finales de abril el tema se enfri\u00f3.<\/p>\n\n\n\n<p>Aunque no es el mejor momento del presidente y, seg\u00fan encuestadoras, su popularidad ha ido decayendo, el fen\u00f3meno del lopezobradorismo a\u00fan se mantiene fuerte y as\u00ed se han demostrado en las encuestas para las gubernaturas que se disputar\u00e1n el a\u00f1o que viene, donde MORENA tiene muy buenos n\u00fameros.<\/p>\n\n\n\n<p>Es decir, a menos que pasara algo realmente muy imperdonable, el partido lopezobradorista no tendr\u00eda ni una oportunidad para literalmente tomar control de varias gubernaturas el a\u00f1o que viene, como parece avecinarse.<\/p>\n\n\n\n<p>Encuestadoras coinciden en que Baja California, Baja California Sur, Campeche, Chihuahua, Colima, Guerrero, Michoac\u00e1n, Nayarit, Nuevo Le\u00f3n, Quer\u00e9taro, San Luis Potos\u00ed, Sinaloa, Sonora, Tlaxcala y Zacatecas, Morena tiene amplias probabilidades de ganar.<\/p>\n\n\n\n<p>En ese mismo tenor, el PAN podr\u00eda frenar la tendencia morenista en Baja California Sur, Chihuahua, Nayarit, Nuevo Le\u00f3n, Quer\u00e9taro y San Luis Potos\u00ed. El que de plano no se le ve ninguna fuerza en el futuro reciente (adem\u00e1s de que se dice que ser\u00eda uno de los aliados pol\u00edticos de la Cuarta Transformaci\u00f3n) es el Partido Revolucionario Institucional y tiene una l\u00f3gica: busca la sobrevivencia, como el caso del Partido Verde. De lo que queda del PRD, ni sus luces.<\/p>\n\n\n\n<p>Tambi\u00e9n habr\u00e1 que tomar en cuenta a los nuevos partidos que est\u00e1n form\u00e1ndose tanto a nivel nacional como en cada estado, y que sin duda terminar\u00e1n por pulverizar el voto.<\/p>\n\n\n\n<p>Siendo el PAN el rival m\u00e1s fuerte, tambi\u00e9n enfrenta una crisis interna que al menos en Veracruz ya se vivi\u00f3 cuando tomaron el poder del Comit\u00e9 Estatal los viejos panistas de cu\u00f1o, a los que tambi\u00e9n acusaron de ser morenistas, pero finalmente les patearon en el trasero a los yunistas. A nivel nacional, Marko Cort\u00e9s, el dirigente nacional, no trae el mismo peso y jale que sus antecesores, y de eso ya se dieron cuenta sus propios correligionarios.<\/p>\n\n\n\n<p>Con esa fuerza del &#8220;morenismo&#8221;, por lo menos tres gubernaturas que est\u00e1n siendo rebeldes actualmente con la 4T quedar\u00edan en autom\u00e1tico controladas el pr\u00f3ximo a\u00f1o: Nuevo Le\u00f3n, Colima y Michoac\u00e1n.<\/p>\n\n\n\n<p>Aunque todav\u00eda falta un buen rato para el camino electoral (que tambi\u00e9n da sus sorpresas y virajes de \u00faltima hora) por lo menos en esta v\u00eda todo apunta a que si bien suena muy medi\u00e1tico y ruidoso el bloque de gobernadores, al final saben que es dif\u00edcil, casi imposible, enfrentarse al Presidente, por lo menos en sus primeros a\u00f1os; que al final tendr\u00e1n que negociar como regularmente lo hacen siempre los pol\u00edticos.<\/p>\n\n\n\n<p>S\u00f3lo falta ver si AMLO mantiene todav\u00eda esa chispa encendida que le hizo ganar de manera contundente todo: Presidencia, Senado, Congreso, gubernaturas y varias alcald\u00edas. A ver si no el desgaste &#8211;que ya es visible&#8211; no le ha hecho mella entre su voto duro y miles de simpatizantes que, aunque a veces no est\u00e9n de acuerdo, no se les olvida el pasado reciente del panismo hip\u00f3crita y el priato saqueador.<\/p>\n\n\n\n<p><strong>NOTA PARA PEGAR EN EL REFRI:<\/strong>Lamentable el atentado a Mar\u00eda Fernanda de Luna Ferral, hija de la periodista Mar\u00eda Elena Ferral asesinada, quien fue asesinada el pasado 30 de marzo. De acuerdo a los primeros reportes, el ataque se registr\u00f3 en la comunidad la Galeana, del municipio de Guti\u00e9rrez Zamora, cuando se dirig\u00eda a Xalapa proveniente de Poza Rica; entonces una camioneta tipo Suburban, de color negro les dio alcance y dispar\u00f3 contra la joven y a sus escoltas, quienes lograron repeler la agresi\u00f3n&#8230; Hay algo que llama la atenci\u00f3n: seg\u00fan el protocolo que aplic\u00f3 la Comisi\u00f3n Estatal para la Atenci\u00f3n y Protecci\u00f3n de los Periodistas (Ceapp), Mar\u00eda Fernanda est\u00e1 reubicada para que no corra peligro, entonces \u00bfqu\u00e9 hac\u00eda la joven en la zona de riesgo donde mataron a su mam\u00e1? \u00bfLe habr\u00e1 avisado a alguien a d\u00f3nde iba?&#8230; Con esto basta decir que los sicarios no andan en cuarentena.<\/p>\n\n\n\n<p><strong>OTRA NOTA:&nbsp;<\/strong>Ya se supo: que el fondo de los recientes ataques a la Cuarta Transformaci\u00f3n en Veracruz (ya desmentidos por la Secretar\u00eda de Educaci\u00f3n y tambi\u00e9n por la Secretar\u00eda de Finanzas) es porque trae bastante irritados a los grupos de panistas y priistas a los que les afectaron sus intereses meramente pol\u00edtico al aplicarse la reforma electoral en Veracruz para reducirles sus prerrogativas al 50%. De otra manera no se entiende c\u00f3mo saldr\u00eda el senador Julen Rementer\u00eda a denunciar &#8220;irregularidades&#8221; cuando es de todos sabido que en su paso por la SIOP todav\u00eda hay pendientes, entre ellos las millonarias obras que le entreg\u00f3 a su entonces dirigente estatal, Pepe Mancha (se necesita ser un verdadero caradura, en verdad)&#8230; Y es que con la reducci\u00f3n del dinero p\u00fablico a partidos, estos ahora tendr\u00e1n un margen m\u00e1s estrecho &#8211;casi m\u00ednimo en el caso del PRI, por sus multas y deudas&#8211; para operar en las elecciones.<\/p>\n\n\n\n<p><strong>OTRA NOTA EXTRA:&nbsp;<\/strong>En Minatitl\u00e1n, un caso muy grave de maltrato animal; un perrito callejero llamado &#8220;Cachito&#8221; fue atacado con agua caliente en la colonia Tacoteno. Los que rescataron al animalito anuncian que interpondr\u00e1n denuncias porque definitivamente eso merece castigo ejemplar. El perrito est\u00e1 estable, pero grave. La informaci\u00f3n est\u00e1 en la fanpage &#8220;Rescate animal Minatitl\u00e1n&#8221;&#8230; De veras, qu\u00e9 crueldad, qu\u00e9 ignorancia; ojal\u00e1 al responsable se le queme la cola pa&#8217; que vea lo que se siente.<\/p>\n\n\n\n<p><strong>LA \u00daLTIMA PORQUE YA HAY CAF\u00c9 DEL CHIDO:\u00a0<\/strong>Que en el puerto de Veracruz y en Xico de plano parece que eso del Covid-19 nom\u00e1s les vale madre a las autoridades municipales, porque tanto en la playa como en la monta\u00f1a nom\u00e1s no guardan la sana distancia tan necesaria para evitar m\u00e1s contagios&#8230; En el caso del puerto jarocho hasta pareciera que es con dolo y toda la mala leche, porque a diferencia de otros municipios, siguen permitiendo que vayan a la playa como se pudo observar este fin de semana; \u00bfy luego qu\u00e9? \u00bfA lavarse las manos desde Nueva York? \u00bfNo les cae el veinte de que son la zona m\u00e1s infectada?&#8230; En el caso de Xico ya es com\u00fan que se detecten eventos pol\u00edticos para promocionar a la hija de la alcaldesa, convocando a los pobladores, pero este fin de semana, comentan amigos que visitaron el pueblo m\u00e1gico (tambi\u00e9n se llevaron rega\u00f1o) que los restaurantes ten\u00edan bastante gente y todo normal como si nada&#8230; Luego no se quejen de que son ataques pol\u00edticos.<br><\/p>\n\n\n\n<p><strong>@pablojair<\/strong><\/p>\n","protected":false},"excerpt":{"rendered":"<p>+ \u00bfQui\u00e9n atent\u00f3 contra la hija de Mar\u00eda Elena Ferral?+ Ataques a la Cuatro-T\u00e9, por reducci\u00f3n a partidos.+ Crueldad animal contra perrito en Minatitl\u00e1n.+ A los ayuntamientos de Veracruz y Xico les vale madre el coronavirus. Se equivocaron: Mamado Nervo era el uruguayo.&#8211;Chopenjawer El bloque de gobernadores contra el presidente Andr\u00e9s Manuel L\u00f3pez Obrador es [&hellip;]<\/p>\n","protected":false},"author":1,"featured_media":488,"comment_status":"open","ping_status":"open","sticky":false,"template":"","format":"standard","meta":{"_jetpack_memberships_contains_paid_content":false,"footnotes":""},"categories":[11],"tags":[],"class_list":["post-2774","post","type-post","status-publish","format-standard","has-post-thumbnail","hentry","category-opinion"],"jetpack_featured_media_url":"https:\/\/encuentroinformativo.com.mx\/wp-content\/uploads\/2020\/03\/F471F608-BA1A-416B-BA7B-BCFB24F4E6D0.jpeg","jetpack_sharing_enabled":true,"jetpack_likes_enabled":true,"amp_enabled":true,"_links":{"self":[{"href":"https:\/\/encuentroinformativo.com.mx\/index.php?rest_route=\/wp\/v2\/posts\/2774","targetHints":{"allow":["GET"]}}],"collection":[{"href":"https:\/\/encuentroinformativo.com.mx\/index.php?rest_route=\/wp\/v2\/posts"}],"about":[{"href":"https:\/\/encuentroinformativo.com.mx\/index.php?rest_route=\/wp\/v2\/types\/post"}],"author":[{"embeddable":true,"href":"https:\/\/encuentroinformativo.com.mx\/index.php?rest_route=\/wp\/v2\/users\/1"}],"replies":[{"embeddable":true,"href":"https:\/\/encuentroinformativo.com.mx\/index.php?rest_route=%2Fwp%2Fv2%2Fcomments&post=2774"}],"version-history":[{"count":1,"href":"https:\/\/encuentroinformativo.com.mx\/index.php?rest_route=\/wp\/v2\/posts\/2774\/revisions"}],"predecessor-version":[{"id":2775,"href":"https:\/\/encuentroinformativo.com.mx\/index.php?rest_route=\/wp\/v2\/posts\/2774\/revisions\/2775"}],"wp:featuredmedia":[{"embeddable":true,"href":"https:\/\/encuentroinformativo.com.mx\/index.php?rest_route=\/wp\/v2\/media\/488"}],"wp:attachment":[{"href":"https:\/\/encuentroinformativo.com.mx\/index.php?rest_route=%2Fwp%2Fv2%2Fmedia&parent=2774"}],"wp:term":[{"taxonomy":"category","embeddable":true,"href":"https:\/\/encuentroinformativo.com.mx\/index.php?rest_route=%2Fwp%2Fv2%2Fcategories&post=2774"},{"taxonomy":"post_tag","embeddable":true,"href":"https:\/\/encuentroinformativo.com.mx\/index.php?rest_route=%2Fwp%2Fv2%2Ftags&post=2774"}],"curies":[{"name":"wp","href":"https:\/\/api.w.org\/{rel}","templated":true}]}}