{"id":2776,"date":"2020-05-25T10:44:15","date_gmt":"2020-05-25T15:44:15","guid":{"rendered":"https:\/\/encuentroinformativo.com\/?p=2776"},"modified":"2020-05-25T10:44:17","modified_gmt":"2020-05-25T15:44:17","slug":"aracely-y-zuli","status":"publish","type":"post","link":"https:\/\/encuentroinformativo.com.mx\/?p=2776","title":{"rendered":"Aracely y Zuli"},"content":{"rendered":"\n<p><strong>N\u00fameros Rojos<\/strong><\/p>\n\n\n\n<p><strong>Brenda Caballero<\/strong><br><\/p>\n\n\n\n<p>Estamos tan pendientes de las cifras diarias de Covid-19 que olvidamos \u201clas otras cifras\u201d&#8230; las de las mujeres violentadas, las desaparecidas\u2026 las asesinadas.<\/p>\n\n\n\n<p>Pareciera que ya no importan o que dejaron de importar. \u00bfPara las autoridades? \u00bfPara los y las que antes alzaban la voz y dejaron de hacerlo? \u00bfPara la sociedad?<\/p>\n\n\n\n<p>Tan preocupados y preocupadas estamos en lavarnos las manos durante veinte segundos, en guardar la sana distancia, en quedarnos en casa, que pareciera que \u201cnos ha ca\u00eddo como anillo al dedo\u201d esta pandemia.<\/p>\n\n\n\n<p>Aracely Trejo Toledo era originaria de Fort\u00edn de las Flores; ten\u00eda 22 a\u00f1os. El viernes sali\u00f3 de la casa de su t\u00eda en Los Lienzos y se dirigi\u00f3 a casa de sus abuelitos rumbo a San Marcial; sin embargo, ya no volvieron a saber de ella. A trav\u00e9s de redes sociales su familia empez\u00f3 a buscarla, sin obtener resultado alguno. El s\u00e1bado les llamaron para&nbsp; avisarles que hab\u00edan encontrado a una mujer con las caracter\u00edsticas que buscaban: Delgada, tez morena, estatura aproximada de un metro con cuarenta cent\u00edmetros, overol rojo, playera blanca, tenis blancos converse\u2026 Muerta. La encontraron muerta junto a un arroyo de aguas negras en la unidad habitacional Los Cerezos.&nbsp;<\/p>\n\n\n\n<p>Su t\u00eda Lupita muestra el dolor con una rosa negra y con la siguiente leyenda: \u201cAgradezco de todo coraz\u00f3n a todas las personas que de una u otra forma nos apoyaron en la b\u00fasqueda de nuestra ni\u00f1a. Ella ya est\u00e1 descansando en paz donde nadie la puede lastimar. Gracias \u00b4por su apoyo a todos\u201d.<\/p>\n\n\n\n<p>Zuli Sarai Mart\u00ednez Villa, de 23 a\u00f1os de edad, ten\u00eda 34 semanas de embarazo de una ni\u00f1a. Viv\u00eda en la colonia San Pedro de C\u00f3rdoba. El pasado viernes fue levantada entre la calle 35 y la avenida 9, en la Ciudad de los 30 Caballeros. El mismo d\u00eda fue asesinada a balazos y su cuerpo arrojado cerca de unos ca\u00f1ales de la colonia San Francisco, de Amatl\u00e1n de Los Reyes.<\/p>\n\n\n\n<p>Ambos feminicidios ocurrieron en la zona centro del estado de Veracruz. \u00bfAcaso las mujeres no podemos visitar a nuestros abuelos sin que seamos asesinadas? \u00bfNo podemos caminar tranquilamente sin ser levantadas? \u00bfO ni completar las cuarenta semanas para nacer?<br><\/p>\n\n\n\n<p><strong>El Atentado a Mar\u00eda Fernanda<\/strong><\/p>\n\n\n\n<p>No, no fue un fin de semana para las mujeres en Veracruz. El domingo, la vida de Mar\u00eda Fernanda estuvo en peligro, pues cuando se dirig\u00eda a la capital, el veh\u00edculo en el que viajaba fue interceptado por una camioneta Suburban, de la cual le dispararon. Por fortuna sus escoltas intervinieron para que saliera ilesa. \u00bfQuer\u00edan asustarla o qu\u00e9 pretend\u00edan?<\/p>\n\n\n\n<p>Espero que las autoridades aclaren cu\u00e1les eran las intenciones de sus agresores y aceleren la investigaci\u00f3n del crimen donde perdiera la vida su madre, la periodista Mar\u00eda Elena Ferral.&nbsp;<\/p>\n\n\n\n<p>@NumerosRojos_BC<\/p>\n\n\n\n<p><a href=\"mailto:caballero_brenda@hotmail.com\" target=\"_blank\" rel=\"noreferrer noopener\">caballero_brenda@hotmail.com<\/a><\/p>\n\n\n\n<p><\/p>\n","protected":false},"excerpt":{"rendered":"<p>N\u00fameros Rojos Brenda Caballero Estamos tan pendientes de las cifras diarias de Covid-19 que olvidamos \u201clas otras cifras\u201d&#8230; las de las mujeres violentadas, las desaparecidas\u2026 las asesinadas. Pareciera que ya no importan o que dejaron de importar. \u00bfPara las autoridades? \u00bfPara los y las que antes alzaban la voz y dejaron de hacerlo? \u00bfPara la [&hellip;]<\/p>\n","protected":false},"author":1,"featured_media":387,"comment_status":"open","ping_status":"open","sticky":false,"template":"","format":"standard","meta":{"_jetpack_memberships_contains_paid_content":false,"footnotes":""},"categories":[11],"tags":[],"class_list":["post-2776","post","type-post","status-publish","format-standard","has-post-thumbnail","hentry","category-opinion"],"jetpack_featured_media_url":"https:\/\/encuentroinformativo.com.mx\/wp-content\/uploads\/2020\/03\/7CF8A22B-2764-47BE-8F7F-38FE9E5D6A2F.jpeg","jetpack_sharing_enabled":true,"jetpack_likes_enabled":true,"amp_enabled":true,"_links":{"self":[{"href":"https:\/\/encuentroinformativo.com.mx\/index.php?rest_route=\/wp\/v2\/posts\/2776","targetHints":{"allow":["GET"]}}],"collection":[{"href":"https:\/\/encuentroinformativo.com.mx\/index.php?rest_route=\/wp\/v2\/posts"}],"about":[{"href":"https:\/\/encuentroinformativo.com.mx\/index.php?rest_route=\/wp\/v2\/types\/post"}],"author":[{"embeddable":true,"href":"https:\/\/encuentroinformativo.com.mx\/index.php?rest_route=\/wp\/v2\/users\/1"}],"replies":[{"embeddable":true,"href":"https:\/\/encuentroinformativo.com.mx\/index.php?rest_route=%2Fwp%2Fv2%2Fcomments&post=2776"}],"version-history":[{"count":1,"href":"https:\/\/encuentroinformativo.com.mx\/index.php?rest_route=\/wp\/v2\/posts\/2776\/revisions"}],"predecessor-version":[{"id":2777,"href":"https:\/\/encuentroinformativo.com.mx\/index.php?rest_route=\/wp\/v2\/posts\/2776\/revisions\/2777"}],"wp:featuredmedia":[{"embeddable":true,"href":"https:\/\/encuentroinformativo.com.mx\/index.php?rest_route=\/wp\/v2\/media\/387"}],"wp:attachment":[{"href":"https:\/\/encuentroinformativo.com.mx\/index.php?rest_route=%2Fwp%2Fv2%2Fmedia&parent=2776"}],"wp:term":[{"taxonomy":"category","embeddable":true,"href":"https:\/\/encuentroinformativo.com.mx\/index.php?rest_route=%2Fwp%2Fv2%2Fcategories&post=2776"},{"taxonomy":"post_tag","embeddable":true,"href":"https:\/\/encuentroinformativo.com.mx\/index.php?rest_route=%2Fwp%2Fv2%2Ftags&post=2776"}],"curies":[{"name":"wp","href":"https:\/\/api.w.org\/{rel}","templated":true}]}}