{"id":27760,"date":"2022-05-26T12:38:36","date_gmt":"2022-05-26T17:38:36","guid":{"rendered":"https:\/\/encuentroinformativo.com.mx\/?p=27760"},"modified":"2022-05-26T12:38:40","modified_gmt":"2022-05-26T17:38:40","slug":"promovera-diputada-mesas-metropolitanas-por-mujeres","status":"publish","type":"post","link":"https:\/\/encuentroinformativo.com.mx\/?p=27760","title":{"rendered":"Promover\u00e1 Diputada Mesas Metropolitanas por mujeres"},"content":{"rendered":"\n<p><strong>Alejandro \u00c1vila<\/strong><\/p>\n\n\n\n<p>Veracruz, Ver.- Tras el \u00e9xito obtenido en la Mesa Metropolitana de Institutos Municipales de Mujeres, otros Ayuntamientos han solicitado a la diputada local, Anil\u00fa Ingram Vallines, acuda a sus municipios, para coordinar los trabajos de seguridad y asesor\u00eda para mujeres.<\/p>\n\n\n\n<p>El pasado viernes, la legisladora veracruzana sostuvo una reuni\u00f3n con las encargadas de los Institutos Municipales de las Mujeres de los municipios de Veracruz, Boca del R\u00edo, Alvarado, Tlalixcoyan, La Antigua y Jamapa; d\u00f3nde la prioridad fue crear sinergia en los programas de apoyo para ni\u00f1as y mujeres de la entidad veracruzana.<\/p>\n\n\n\n<p>&#8220;Agradezco la invitaci\u00f3n qu\u00e9 me hicieron, pues les pude platicar lo que desde el Congreso Local realizamos, c\u00f3mo la Iniciativa Montse que muy pronto presentar\u00e9 y el Acoso Callejero, me llevo bajo el brazo muchos puntos que ah\u00ed se expusieron, a fin de arrastrar tambi\u00e9n el l\u00e1piz qu\u00e9 se traduzcan en resultados, ya que el pr\u00f3ximo mes nos volveremos a reunir. Estaremos revisando punto por punto de manera coordinada, y as\u00ed, de la misma manera, estaremos estableciendo Mesas Metropolitanas en todo el estado&#8221;, apunt\u00f3 la priista.<\/p>\n\n\n\n<p>Veracruz seg\u00fan los n\u00fameros del Secretariado Ejecutivo del Sistema Nacional de Seguridad P\u00fablica (SESNSP), contin\u00faa en el segundo lugar de feminicidios y en los primeros sitios de violencia contra las mujeres.<\/p>\n\n\n\n<p>Es de se\u00f1alar que, el trabajo de la Fiscal\u00eda General del Estado de Veracruz (FGEV) a cargo de, Ver\u00f3nica Hern\u00e1ndez Giad\u00e1ns, ha sido muy cuestionado durante las \u00faltimas horas; incluso, no solo los partidos de oposici\u00f3n, sino tambi\u00e9n la misma bancada de Morena, analiza la opci\u00f3n de citarla en el Congreso Local para que rinda cuentas sobre los \u00faltimos acontecimientos ocurridos en contra de mujeres veracruzanas.<\/p>\n","protected":false},"excerpt":{"rendered":"<p>Alejandro \u00c1vila Veracruz, Ver.- Tras el \u00e9xito obtenido en la Mesa Metropolitana de Institutos Municipales de Mujeres, otros Ayuntamientos han solicitado a la diputada local, Anil\u00fa Ingram Vallines, acuda a sus municipios, para coordinar los trabajos de seguridad y asesor\u00eda para mujeres. El pasado viernes, la legisladora veracruzana sostuvo una reuni\u00f3n con las encargadas de [&hellip;]<\/p>\n","protected":false},"author":1,"featured_media":27761,"comment_status":"open","ping_status":"open","sticky":false,"template":"","format":"standard","meta":{"_jetpack_memberships_contains_paid_content":false,"footnotes":""},"categories":[2],"tags":[],"class_list":["post-27760","post","type-post","status-publish","format-standard","has-post-thumbnail","hentry","category-estado"],"jetpack_featured_media_url":"https:\/\/encuentroinformativo.com.mx\/wp-content\/uploads\/2022\/05\/CCB36524-17B6-4FDB-BB9F-E36BC53AE1C1.jpeg","jetpack_sharing_enabled":true,"jetpack_likes_enabled":true,"amp_enabled":true,"_links":{"self":[{"href":"https:\/\/encuentroinformativo.com.mx\/index.php?rest_route=\/wp\/v2\/posts\/27760","targetHints":{"allow":["GET"]}}],"collection":[{"href":"https:\/\/encuentroinformativo.com.mx\/index.php?rest_route=\/wp\/v2\/posts"}],"about":[{"href":"https:\/\/encuentroinformativo.com.mx\/index.php?rest_route=\/wp\/v2\/types\/post"}],"author":[{"embeddable":true,"href":"https:\/\/encuentroinformativo.com.mx\/index.php?rest_route=\/wp\/v2\/users\/1"}],"replies":[{"embeddable":true,"href":"https:\/\/encuentroinformativo.com.mx\/index.php?rest_route=%2Fwp%2Fv2%2Fcomments&post=27760"}],"version-history":[{"count":1,"href":"https:\/\/encuentroinformativo.com.mx\/index.php?rest_route=\/wp\/v2\/posts\/27760\/revisions"}],"predecessor-version":[{"id":27762,"href":"https:\/\/encuentroinformativo.com.mx\/index.php?rest_route=\/wp\/v2\/posts\/27760\/revisions\/27762"}],"wp:featuredmedia":[{"embeddable":true,"href":"https:\/\/encuentroinformativo.com.mx\/index.php?rest_route=\/wp\/v2\/media\/27761"}],"wp:attachment":[{"href":"https:\/\/encuentroinformativo.com.mx\/index.php?rest_route=%2Fwp%2Fv2%2Fmedia&parent=27760"}],"wp:term":[{"taxonomy":"category","embeddable":true,"href":"https:\/\/encuentroinformativo.com.mx\/index.php?rest_route=%2Fwp%2Fv2%2Fcategories&post=27760"},{"taxonomy":"post_tag","embeddable":true,"href":"https:\/\/encuentroinformativo.com.mx\/index.php?rest_route=%2Fwp%2Fv2%2Ftags&post=27760"}],"curies":[{"name":"wp","href":"https:\/\/api.w.org\/{rel}","templated":true}]}}