{"id":27774,"date":"2022-05-26T14:37:54","date_gmt":"2022-05-26T19:37:54","guid":{"rendered":"https:\/\/encuentroinformativo.com.mx\/?p=27774"},"modified":"2022-05-26T14:37:58","modified_gmt":"2022-05-26T19:37:58","slug":"refrenda-ayuntamiento-compromiso-con-la-inclusion-social","status":"publish","type":"post","link":"https:\/\/encuentroinformativo.com.mx\/?p=27774","title":{"rendered":"Refrenda Ayuntamiento compromiso con la inclusi\u00f3n social"},"content":{"rendered":"\n<p><strong>*Se impulsar\u00e1n modificaciones reglamentarias que permitan tener una administraci\u00f3n m\u00e1s incluyente<\/strong>.<\/p>\n\n\n\n<p>Xalapa, Ver.- Xalapa ser\u00e1 ejemplo de integraci\u00f3n con todos los grupos de la sociedad y de una ciudad m\u00e1s equitativa, justa y segura, afirm\u00f3 el presidente municipal Ricardo Ahued Bardahuil durante la sesi\u00f3n de instalaci\u00f3n de la Comisi\u00f3n Municipal para la Inclusi\u00f3n de Personas con Discapacidad.<\/p>\n\n\n\n<p>En la Sala del Cabildo, dijo que se trata de cumplir un compromiso moral, de coraz\u00f3n y cari\u00f1o para impulsar distintas modificaciones a reglamentos municipales y asegurar el respeto integral de los Derechos Humanos.<\/p>\n\n\n\n<p>La regidora presidenta de la comisi\u00f3n, Zabdy Asmaveth Quezada Valdez, present\u00f3 una propuesta de trabajo viable para la atenci\u00f3n de este grupo vulnerable, en la que destaca la creaci\u00f3n de una unidad especial para personas con discapacidad que funja como ventana \u00fanica en los tr\u00e1mites municipales.<\/p>\n\n\n\n<p>Adem\u00e1s plante\u00f3 la creaci\u00f3n de un Consejo Municipal para la Inclusi\u00f3n de Personas con Discapacidad y modificaciones al Reglamento del Consejo Municipal para la Asistencia Social (Conmas), con el fin de ampliar sus atribuciones en beneficio de personas con discapacidad.<\/p>\n\n\n\n<p>Destac\u00f3 que en la administraci\u00f3n municipal existe voluntad, conocimiento y \u00e1nimo para velar por la mejora de las condiciones de vida de este sector social, por lo que se atender\u00e1 toda propuesta que se haga llegar al Ayuntamiento, siempre con la prioridad de brindar atenci\u00f3n e implementar pol\u00edticas p\u00fablicas en favor de este grupo.<\/p>\n\n\n\n<p>De acuerdo con la secretaria Ejecutiva de la Comisi\u00f3n Estatal de los Derechos Humanos (CEDH), Minerva Regina P\u00e9rez L\u00f3pez, la oportunidad de ser testigo de esta instalaci\u00f3n es un buen augurio de que en Xalapa se garantizan los derechos de todas las personas.<\/p>\n\n\n\n<p>Asistieron la s\u00edndica \u00fanica, Cecilia Coronel Brizio; las regidoras y regidores Martha Valentina Dom\u00ednguez V\u00e1squez, Mar\u00eda Guadalupe M\u00e1rquez Leonardo, Ana Cristina Hern\u00e1ndez Aburto, Antonio Ballesteros Grayeb, Mart\u00edn Victoriano Espinoza Rold\u00e1n y Daniel Fern\u00e1ndez Carri\u00f3n; el director del Sistema DIF Municipal, Alejandro del \u00c1ngel Aguilar y el encargado de la direcci\u00f3n del Centro de Rehabilitaci\u00f3n e Integraci\u00f3n Social de Veracruz (Crisver), C\u00e9sar Cerecedo Zapata.<\/p>\n","protected":false},"excerpt":{"rendered":"<p>*Se impulsar\u00e1n modificaciones reglamentarias que permitan tener una administraci\u00f3n m\u00e1s incluyente. Xalapa, Ver.- Xalapa ser\u00e1 ejemplo de integraci\u00f3n con todos los grupos de la sociedad y de una ciudad m\u00e1s equitativa, justa y segura, afirm\u00f3 el presidente municipal Ricardo Ahued Bardahuil durante la sesi\u00f3n de instalaci\u00f3n de la Comisi\u00f3n Municipal para la Inclusi\u00f3n de Personas [&hellip;]<\/p>\n","protected":false},"author":1,"featured_media":27775,"comment_status":"open","ping_status":"open","sticky":false,"template":"","format":"standard","meta":{"_jetpack_memberships_contains_paid_content":false,"footnotes":""},"categories":[3],"tags":[],"class_list":["post-27774","post","type-post","status-publish","format-standard","has-post-thumbnail","hentry","category-xalapa"],"jetpack_featured_media_url":"https:\/\/encuentroinformativo.com.mx\/wp-content\/uploads\/2022\/05\/048C3077-3D9B-4081-9834-72F6B442E143.jpeg","jetpack_sharing_enabled":true,"jetpack_likes_enabled":true,"amp_enabled":true,"_links":{"self":[{"href":"https:\/\/encuentroinformativo.com.mx\/index.php?rest_route=\/wp\/v2\/posts\/27774","targetHints":{"allow":["GET"]}}],"collection":[{"href":"https:\/\/encuentroinformativo.com.mx\/index.php?rest_route=\/wp\/v2\/posts"}],"about":[{"href":"https:\/\/encuentroinformativo.com.mx\/index.php?rest_route=\/wp\/v2\/types\/post"}],"author":[{"embeddable":true,"href":"https:\/\/encuentroinformativo.com.mx\/index.php?rest_route=\/wp\/v2\/users\/1"}],"replies":[{"embeddable":true,"href":"https:\/\/encuentroinformativo.com.mx\/index.php?rest_route=%2Fwp%2Fv2%2Fcomments&post=27774"}],"version-history":[{"count":1,"href":"https:\/\/encuentroinformativo.com.mx\/index.php?rest_route=\/wp\/v2\/posts\/27774\/revisions"}],"predecessor-version":[{"id":27776,"href":"https:\/\/encuentroinformativo.com.mx\/index.php?rest_route=\/wp\/v2\/posts\/27774\/revisions\/27776"}],"wp:featuredmedia":[{"embeddable":true,"href":"https:\/\/encuentroinformativo.com.mx\/index.php?rest_route=\/wp\/v2\/media\/27775"}],"wp:attachment":[{"href":"https:\/\/encuentroinformativo.com.mx\/index.php?rest_route=%2Fwp%2Fv2%2Fmedia&parent=27774"}],"wp:term":[{"taxonomy":"category","embeddable":true,"href":"https:\/\/encuentroinformativo.com.mx\/index.php?rest_route=%2Fwp%2Fv2%2Fcategories&post=27774"},{"taxonomy":"post_tag","embeddable":true,"href":"https:\/\/encuentroinformativo.com.mx\/index.php?rest_route=%2Fwp%2Fv2%2Ftags&post=27774"}],"curies":[{"name":"wp","href":"https:\/\/api.w.org\/{rel}","templated":true}]}}