{"id":27777,"date":"2022-05-26T19:43:51","date_gmt":"2022-05-27T00:43:51","guid":{"rendered":"https:\/\/encuentroinformativo.com.mx\/?p=27777"},"modified":"2022-05-26T19:43:55","modified_gmt":"2022-05-27T00:43:55","slug":"inicio-registro-para-aspirantes-a-renovacion-del-setsuv","status":"publish","type":"post","link":"https:\/\/encuentroinformativo.com.mx\/?p=27777","title":{"rendered":"Inici\u00f3 registro para aspirantes a renovaci\u00f3n del SETSUV"},"content":{"rendered":"\n<p><strong>Juan Arcos <\/strong><\/p>\n\n\n\n<p>Xalapa, Ver.- Este jueves 26 de mayo inici\u00f3 el registro de aspirantes para la elecci\u00f3n del comit\u00e9 ejecutivo que representar\u00e1 al Sindicato Estatal de Trabajadores al Servicio de la Universidad Veracruzana (SETSUV) durante el periodo del 25 de junio de 2022 al 25 de junio de 2025.<\/p>\n\n\n\n<p>La convocatoria est\u00e1 dirigida a todos lo trabajadores administrativos, t\u00e9cnicos y manuales de la m\u00e1xima casa de estudios del estado, afiliados a esta organizaci\u00f3n sindical.<\/p>\n\n\n\n<p>Martha Judith V\u00e1squez Fern\u00e1ndez, aspirante de la planilla p\u00farpura a secretaria general del Setsuv, dijo esperar que haya legalidad y civilidad en el proceso democr\u00e1tico de este sindicado.<\/p>\n\n\n\n<p>El registro de aspirantes se llevar\u00e1 a cabo hasta el pr\u00f3ximo 30 de mayo, para suceder al saliente l\u00edder sindical Juan Mendoza Guti\u00e9rrez.<\/p>\n\n\n\n<p>La elecci\u00f3n ser\u00e1 por Planilla. Cada planilla deber\u00e1 presentar la lista completa de los diez candidatos propuestos para cubrir la totalidad de las Secretar\u00edas que integran el Comit\u00e9 Ejecutivo.<\/p>\n\n\n\n<p>Asimismo, las planillas deber\u00e1n garantizar para su registro, la representaci\u00f3n proporcional en raz\u00f3n de g\u00e9nero, en t\u00e9rminos del Art\u00edculo 371, fracci\u00f3n X Bis de la Ley Federal del Trabajo.<\/p>\n\n\n\n<p>El periodo de votaci\u00f3n ser\u00e1 del 17 al 23 de junio de este a\u00f1o en las distintas regiones de la Universidad Veracruzana.<\/p>\n\n\n\n<p>El viernes 17 de junio ser\u00e1 en la zona de Coatzacoalcos-Minatitl\u00e1n, el lunes 20 de junio en Poza Rica-Tuxpan, el martes 21 en Xalapa, el mi\u00e9rcoles 22 en C\u00f3rdoba-Orizaba y el jueves 23 de junio en Veracruz-Boca del R\u00edo.<\/p>\n","protected":false},"excerpt":{"rendered":"<p>Juan Arcos Xalapa, Ver.- Este jueves 26 de mayo inici\u00f3 el registro de aspirantes para la elecci\u00f3n del comit\u00e9 ejecutivo que representar\u00e1 al Sindicato Estatal de Trabajadores al Servicio de la Universidad Veracruzana (SETSUV) durante el periodo del 25 de junio de 2022 al 25 de junio de 2025. La convocatoria est\u00e1 dirigida a todos [&hellip;]<\/p>\n","protected":false},"author":1,"featured_media":27778,"comment_status":"open","ping_status":"open","sticky":false,"template":"","format":"standard","meta":{"_jetpack_memberships_contains_paid_content":false,"footnotes":""},"categories":[2],"tags":[],"class_list":["post-27777","post","type-post","status-publish","format-standard","has-post-thumbnail","hentry","category-estado"],"jetpack_featured_media_url":"https:\/\/encuentroinformativo.com.mx\/wp-content\/uploads\/2022\/05\/EAB98032-0290-4238-863A-4F4C068318D7.jpeg","jetpack_sharing_enabled":true,"jetpack_likes_enabled":true,"amp_enabled":true,"_links":{"self":[{"href":"https:\/\/encuentroinformativo.com.mx\/index.php?rest_route=\/wp\/v2\/posts\/27777","targetHints":{"allow":["GET"]}}],"collection":[{"href":"https:\/\/encuentroinformativo.com.mx\/index.php?rest_route=\/wp\/v2\/posts"}],"about":[{"href":"https:\/\/encuentroinformativo.com.mx\/index.php?rest_route=\/wp\/v2\/types\/post"}],"author":[{"embeddable":true,"href":"https:\/\/encuentroinformativo.com.mx\/index.php?rest_route=\/wp\/v2\/users\/1"}],"replies":[{"embeddable":true,"href":"https:\/\/encuentroinformativo.com.mx\/index.php?rest_route=%2Fwp%2Fv2%2Fcomments&post=27777"}],"version-history":[{"count":1,"href":"https:\/\/encuentroinformativo.com.mx\/index.php?rest_route=\/wp\/v2\/posts\/27777\/revisions"}],"predecessor-version":[{"id":27779,"href":"https:\/\/encuentroinformativo.com.mx\/index.php?rest_route=\/wp\/v2\/posts\/27777\/revisions\/27779"}],"wp:featuredmedia":[{"embeddable":true,"href":"https:\/\/encuentroinformativo.com.mx\/index.php?rest_route=\/wp\/v2\/media\/27778"}],"wp:attachment":[{"href":"https:\/\/encuentroinformativo.com.mx\/index.php?rest_route=%2Fwp%2Fv2%2Fmedia&parent=27777"}],"wp:term":[{"taxonomy":"category","embeddable":true,"href":"https:\/\/encuentroinformativo.com.mx\/index.php?rest_route=%2Fwp%2Fv2%2Fcategories&post=27777"},{"taxonomy":"post_tag","embeddable":true,"href":"https:\/\/encuentroinformativo.com.mx\/index.php?rest_route=%2Fwp%2Fv2%2Ftags&post=27777"}],"curies":[{"name":"wp","href":"https:\/\/api.w.org\/{rel}","templated":true}]}}