{"id":27795,"date":"2022-05-27T11:13:32","date_gmt":"2022-05-27T16:13:32","guid":{"rendered":"https:\/\/encuentroinformativo.com.mx\/?p=27795"},"modified":"2022-05-27T11:13:36","modified_gmt":"2022-05-27T16:13:36","slug":"veracruz-en-primeros-lugares-por-casos-de-feminicidios","status":"publish","type":"post","link":"https:\/\/encuentroinformativo.com.mx\/?p=27795","title":{"rendered":"Veracruz en primeros lugares por casos de feminicidios"},"content":{"rendered":"\n<p><strong>Alejandro \u00c1vila<\/strong><\/p>\n\n\n\n<p>Veracruz, Ver.- El estado de Veracruz se coloca entre los primeros lugares de desapariciones y feminicidios, dejando el trabajo de la fiscal\u00eda en entredicho, pues en este \u00faltimo rubro, hay pocas carpetas de investigaci\u00f3n, acus\u00f3 el Senador, Julen Rementer\u00eda del Puerto.<\/p>\n\n\n\n<p>Los datos del Secretariado Ejecutivo del Sistema Nacional de Seguridad P\u00fablica se\u00f1alan que, M\u00e9xico tiene 5 736 desaparecidos, coloc\u00e1ndose Veracruz en el quinto sitio de est\u00e1 lista por el n\u00famero que desafortunadamente aporta.<\/p>\n\n\n\n<p>En lo que va del 2022 en la entidad veracruzana, se encuentran reportadas como desaparecidas 160 mujeres y ni\u00f1as; y tan solo de enero a abril se han registrado 31 feminicidios, pero solo existen 10 carpetas de investigaci\u00f3n sobre ellos, superando ya en la actual administraci\u00f3n estatal, los 300 feminicidios.<\/p>\n\n\n\n<p>&nbsp;\u201cVeracruz no puede ser tierra f\u00e9rtil para desaparecer y ocultar en las entra\u00f1as de una fosa a nadie hombre, mujer e incluso ni\u00f1os, no es posible que en la entidad ninguna ni\u00f1a, joven o mujer se sienta segura de salir a las calles, es indignante\u201d, precis\u00f3.<\/p>\n\n\n\n<p>Ante esta situaci\u00f3n, el legislador veracruzano exhorto a la Fiscal\u00eda General del Estado de Veracruz a que rinda cuentas, y de certidumbre a las familias de los colectivos de b\u00fasqueda, as\u00ed como a los padres, esposos y hermanos, qu\u00e9 buscan justicia sobre las v\u00edctimas de feminicidio.<\/p>\n","protected":false},"excerpt":{"rendered":"<p>Alejandro \u00c1vila Veracruz, Ver.- El estado de Veracruz se coloca entre los primeros lugares de desapariciones y feminicidios, dejando el trabajo de la fiscal\u00eda en entredicho, pues en este \u00faltimo rubro, hay pocas carpetas de investigaci\u00f3n, acus\u00f3 el Senador, Julen Rementer\u00eda del Puerto. Los datos del Secretariado Ejecutivo del Sistema Nacional de Seguridad P\u00fablica se\u00f1alan [&hellip;]<\/p>\n","protected":false},"author":1,"featured_media":27796,"comment_status":"open","ping_status":"open","sticky":false,"template":"","format":"standard","meta":{"_jetpack_memberships_contains_paid_content":false,"footnotes":""},"categories":[2],"tags":[],"class_list":["post-27795","post","type-post","status-publish","format-standard","has-post-thumbnail","hentry","category-estado"],"jetpack_featured_media_url":"https:\/\/encuentroinformativo.com.mx\/wp-content\/uploads\/2022\/05\/B0BCEB78-1B67-4E12-B228-2FF4C329BECF.jpeg","jetpack_sharing_enabled":true,"jetpack_likes_enabled":true,"amp_enabled":true,"_links":{"self":[{"href":"https:\/\/encuentroinformativo.com.mx\/index.php?rest_route=\/wp\/v2\/posts\/27795","targetHints":{"allow":["GET"]}}],"collection":[{"href":"https:\/\/encuentroinformativo.com.mx\/index.php?rest_route=\/wp\/v2\/posts"}],"about":[{"href":"https:\/\/encuentroinformativo.com.mx\/index.php?rest_route=\/wp\/v2\/types\/post"}],"author":[{"embeddable":true,"href":"https:\/\/encuentroinformativo.com.mx\/index.php?rest_route=\/wp\/v2\/users\/1"}],"replies":[{"embeddable":true,"href":"https:\/\/encuentroinformativo.com.mx\/index.php?rest_route=%2Fwp%2Fv2%2Fcomments&post=27795"}],"version-history":[{"count":1,"href":"https:\/\/encuentroinformativo.com.mx\/index.php?rest_route=\/wp\/v2\/posts\/27795\/revisions"}],"predecessor-version":[{"id":27797,"href":"https:\/\/encuentroinformativo.com.mx\/index.php?rest_route=\/wp\/v2\/posts\/27795\/revisions\/27797"}],"wp:featuredmedia":[{"embeddable":true,"href":"https:\/\/encuentroinformativo.com.mx\/index.php?rest_route=\/wp\/v2\/media\/27796"}],"wp:attachment":[{"href":"https:\/\/encuentroinformativo.com.mx\/index.php?rest_route=%2Fwp%2Fv2%2Fmedia&parent=27795"}],"wp:term":[{"taxonomy":"category","embeddable":true,"href":"https:\/\/encuentroinformativo.com.mx\/index.php?rest_route=%2Fwp%2Fv2%2Fcategories&post=27795"},{"taxonomy":"post_tag","embeddable":true,"href":"https:\/\/encuentroinformativo.com.mx\/index.php?rest_route=%2Fwp%2Fv2%2Ftags&post=27795"}],"curies":[{"name":"wp","href":"https:\/\/api.w.org\/{rel}","templated":true}]}}