{"id":27804,"date":"2022-05-27T12:23:11","date_gmt":"2022-05-27T17:23:11","guid":{"rendered":"https:\/\/encuentroinformativo.com.mx\/?p=27804"},"modified":"2022-05-27T12:23:14","modified_gmt":"2022-05-27T17:23:14","slug":"destinaran-inversion-millonaria-para-las-escuela-es-nuestra","status":"publish","type":"post","link":"https:\/\/encuentroinformativo.com.mx\/?p=27804","title":{"rendered":"Destinar\u00e1n inversi\u00f3n millonaria para Las escuela es nuestra\u2019"},"content":{"rendered":"\n<p><strong>Alejandro \u00c1vila<\/strong><\/p>\n\n\n\n<p>Veracruz, Ver.- El secretario de Educaci\u00f3n de Veracruz, Zenyazen Escobar Garc\u00eda, destac\u00f3 la inversi\u00f3n que se har\u00e1 en los planteles educativos de la entidad veracruzana durante el presente a\u00f1o y en el 2023, d\u00f3nde se duplicar\u00e1 el monto del programa &#8220;La Escuela es Nuestra&#8221;.<\/p>\n\n\n\n<p>Este viernes en el <em>World Trade Center <\/em>de Boca del R\u00edo recibieron la visita de la Secretar\u00eda de Educaci\u00f3n P\u00fablica, Delfina G\u00f3mez \u00c1lvarez, la cual realiza una gira en toda la Rep\u00fablica Mexicana recogiendo experiencias educativas durante la pandemia, con la finalidad de mejorar el marco acad\u00e9mico y regularizar lo antes posible a los estudiantes.<\/p>\n\n\n\n<p>&#8220;Ayer estuvimos con Pamela L\u00f3pez (directora nacional de La Escuela es Nuestra) a su petici\u00f3n, 1 400 millones de pesos este a\u00f1o, y el a\u00f1o que viene, 3 400 millones para 14 mil escuelas&#8221;, apunt\u00f3 Zenyazen Escobar Garc\u00eda.<\/p>\n\n\n\n<p>Por su parte, la titular de la SEP reconoci\u00f3 que, falta mucho trabajo en cu\u00e1nto a las mejoras de infraestructura en los planteles educativos; sin embargo, dijo a docentes, padres de familia y alumnos qu\u00e9, se encuentran trabajando en coordinaci\u00f3n los tres entes de gobierno, para poco a poco, dar atenci\u00f3n a las necesidades b\u00e1sicas en las escuelas de Veracruz.<\/p>\n\n\n\n<p>Finalmente, Delfina G\u00f3mez \u00c1lvarez dijo que, se encuentran en la etapa final previo a la presentaci\u00f3n del nuevo programa educativo.<\/p>\n\n\n\n<p>&#8220;Tambi\u00e9n estamos en ese proceso, recordemos que todo lo que son planes y programas de estudio, junto con el marco curricular, es un proceso, y lo estamos trabajando como tal. Hay una buena participaci\u00f3n de los compa\u00f1eros maestros, tambi\u00e9n los acad\u00e9micos nos han hecho favor de apoyarnos, nuestros directores de gobiernos estatales, federales, municipales, tambi\u00e9n han dado aportaciones, y ahorita viene la etapa, recordemos que se lanz\u00f3 una propuesta, esa propuesta se ha nutrido con las observaciones y los comentarios y cr\u00edticas que hicieron los maestros en lo que fueron las asambleas, se recab\u00f3 toda la informaci\u00f3n, ahorita se est\u00e1 re dise\u00f1ando, viene una segunda etapa de presentarlo, y ya ponerlo en pr\u00e1ctica junto con la parte de formaci\u00f3n docente, porque no podemos aplicar algo donde los maestros no tenga una buena formaci\u00f3n, sobre en qu\u00e9 consiste y c\u00f3mo se va aplicar&#8221;, culmin\u00f3 Delfina G\u00f3mez \u00c1lvarez.<\/p>\n","protected":false},"excerpt":{"rendered":"<p>Alejandro \u00c1vila Veracruz, Ver.- El secretario de Educaci\u00f3n de Veracruz, Zenyazen Escobar Garc\u00eda, destac\u00f3 la inversi\u00f3n que se har\u00e1 en los planteles educativos de la entidad veracruzana durante el presente a\u00f1o y en el 2023, d\u00f3nde se duplicar\u00e1 el monto del programa &#8220;La Escuela es Nuestra&#8221;. Este viernes en el World Trade Center de Boca [&hellip;]<\/p>\n","protected":false},"author":1,"featured_media":27805,"comment_status":"open","ping_status":"open","sticky":false,"template":"","format":"standard","meta":{"_jetpack_memberships_contains_paid_content":false,"footnotes":""},"categories":[2],"tags":[],"class_list":["post-27804","post","type-post","status-publish","format-standard","has-post-thumbnail","hentry","category-estado"],"jetpack_featured_media_url":"https:\/\/encuentroinformativo.com.mx\/wp-content\/uploads\/2022\/05\/8F028B74-ADF4-4F83-A241-75B3525B9903.jpeg","jetpack_sharing_enabled":true,"jetpack_likes_enabled":true,"amp_enabled":true,"_links":{"self":[{"href":"https:\/\/encuentroinformativo.com.mx\/index.php?rest_route=\/wp\/v2\/posts\/27804","targetHints":{"allow":["GET"]}}],"collection":[{"href":"https:\/\/encuentroinformativo.com.mx\/index.php?rest_route=\/wp\/v2\/posts"}],"about":[{"href":"https:\/\/encuentroinformativo.com.mx\/index.php?rest_route=\/wp\/v2\/types\/post"}],"author":[{"embeddable":true,"href":"https:\/\/encuentroinformativo.com.mx\/index.php?rest_route=\/wp\/v2\/users\/1"}],"replies":[{"embeddable":true,"href":"https:\/\/encuentroinformativo.com.mx\/index.php?rest_route=%2Fwp%2Fv2%2Fcomments&post=27804"}],"version-history":[{"count":1,"href":"https:\/\/encuentroinformativo.com.mx\/index.php?rest_route=\/wp\/v2\/posts\/27804\/revisions"}],"predecessor-version":[{"id":27806,"href":"https:\/\/encuentroinformativo.com.mx\/index.php?rest_route=\/wp\/v2\/posts\/27804\/revisions\/27806"}],"wp:featuredmedia":[{"embeddable":true,"href":"https:\/\/encuentroinformativo.com.mx\/index.php?rest_route=\/wp\/v2\/media\/27805"}],"wp:attachment":[{"href":"https:\/\/encuentroinformativo.com.mx\/index.php?rest_route=%2Fwp%2Fv2%2Fmedia&parent=27804"}],"wp:term":[{"taxonomy":"category","embeddable":true,"href":"https:\/\/encuentroinformativo.com.mx\/index.php?rest_route=%2Fwp%2Fv2%2Fcategories&post=27804"},{"taxonomy":"post_tag","embeddable":true,"href":"https:\/\/encuentroinformativo.com.mx\/index.php?rest_route=%2Fwp%2Fv2%2Ftags&post=27804"}],"curies":[{"name":"wp","href":"https:\/\/api.w.org\/{rel}","templated":true}]}}