{"id":27810,"date":"2022-05-27T11:11:29","date_gmt":"2022-05-27T16:11:29","guid":{"rendered":"https:\/\/encuentroinformativo.com.mx\/?p=27810"},"modified":"2022-05-27T13:13:50","modified_gmt":"2022-05-27T18:13:50","slug":"ofreceran-clases-gratuitas-de-musica-a-500-jovenes","status":"publish","type":"post","link":"https:\/\/encuentroinformativo.com.mx\/?p=27810","title":{"rendered":"Ofrecer\u00e1n clases gratuitas de m\u00fasica a 500 j\u00f3venes"},"content":{"rendered":"\n<p><strong>Alejandro \u00c1vila<\/strong><\/p>\n\n\n\n<p>Veracruz, Ver.- El Ayuntamiento de Veracruz present\u00f3 el programa &#8220;Orquestando Cumbia&#8221;, con el cual 500 j\u00f3venes aprender\u00e1n de forma gratuita alg\u00fan instrumento musical, y se crear\u00e1n 50 grupos musicales por a\u00f1o.<\/p>\n\n\n\n<p>Este viernes en bajos del Palacio Municipal, la alcaldesa Patricia Lobeira Rodr\u00edguez, en compa\u00f1\u00eda del director del proyecto, Roberto Bueno Campos, dieron los detalles de la iniciativa.<\/p>\n\n\n\n<p>Las bases para formar parte de este programa se dar\u00e1n a conocer en las redes sociales oficiales del Ayuntamiento de Veracruz el pr\u00f3ximo 30 de mayo, posteriormente se realizar\u00e1n las pruebas de habilidad del 20 al 24 de junio, y finalmente, los 500 alumnos seleccionados iniciar\u00e1n sus clases a partir del 27 de junio del presente a\u00f1o.<\/p>\n\n\n\n<p>Las clases tendr\u00e1n una duraci\u00f3n de 3 horas y se impartir\u00e1n en 5 escuelas p\u00fablicas en horario vespertino la finalidad ser\u00e1 crear 50 grupos musicales que competir\u00e1n al terminar el curso de una &#8220;Guerra de Bandas&#8221;, adem\u00e1s obtendr\u00e1n premios c\u00f3mo, la grabaci\u00f3n de una canci\u00f3n, instrumentos musicales y la presentaci\u00f3n en el Carnaval de Veracruz 2023.<\/p>\n\n\n\n<p>Los alumnos que califiquen para el programa musical podr\u00e1n aprender piano, guitarra, sax alto y tenor, trompeta, bajo, canto, bater\u00eda, percusi\u00f3n; es de mencionar que, el rango de edad para los interesados es de 12 a 17 a\u00f1os, y el proyecto se llevar\u00e1 a cabo todos los a\u00f1os de la administraci\u00f3n actual, esperando poder continuarla con alcald\u00edas posteriores.<\/p>\n\n\n\n<p>\u201cQueremos fomentar en nuestros adolescentes una cultura musical, y qui\u00e9n mejor para hacerlo que nuestro querido Roberto Bueno con su amplia experiencia. Es la edad id\u00f3nea para ense\u00f1arles actividades que los ayudar\u00e1n a desarrollar una identidad cultural y por lo tanto sentido de pertenencia y de compa\u00f1erismo, e incluso de hermandad con chicos de su misma edad, y de esta forma regenerar el tejido social alej\u00e1ndolos de vicios y violencia\u201d, asest\u00f3.<\/p>\n","protected":false},"excerpt":{"rendered":"<p>Alejandro \u00c1vila Veracruz, Ver.- El Ayuntamiento de Veracruz present\u00f3 el programa &#8220;Orquestando Cumbia&#8221;, con el cual 500 j\u00f3venes aprender\u00e1n de forma gratuita alg\u00fan instrumento musical, y se crear\u00e1n 50 grupos musicales por a\u00f1o. Este viernes en bajos del Palacio Municipal, la alcaldesa Patricia Lobeira Rodr\u00edguez, en compa\u00f1\u00eda del director del proyecto, Roberto Bueno Campos, dieron [&hellip;]<\/p>\n","protected":false},"author":1,"featured_media":27811,"comment_status":"open","ping_status":"open","sticky":false,"template":"","format":"standard","meta":{"_jetpack_memberships_contains_paid_content":false,"footnotes":""},"categories":[2],"tags":[],"class_list":["post-27810","post","type-post","status-publish","format-standard","has-post-thumbnail","hentry","category-estado"],"jetpack_featured_media_url":"https:\/\/encuentroinformativo.com.mx\/wp-content\/uploads\/2022\/05\/6EA9ABAE-3FA5-4357-8C98-72A56C13F724.jpeg","jetpack_sharing_enabled":true,"jetpack_likes_enabled":true,"amp_enabled":true,"_links":{"self":[{"href":"https:\/\/encuentroinformativo.com.mx\/index.php?rest_route=\/wp\/v2\/posts\/27810","targetHints":{"allow":["GET"]}}],"collection":[{"href":"https:\/\/encuentroinformativo.com.mx\/index.php?rest_route=\/wp\/v2\/posts"}],"about":[{"href":"https:\/\/encuentroinformativo.com.mx\/index.php?rest_route=\/wp\/v2\/types\/post"}],"author":[{"embeddable":true,"href":"https:\/\/encuentroinformativo.com.mx\/index.php?rest_route=\/wp\/v2\/users\/1"}],"replies":[{"embeddable":true,"href":"https:\/\/encuentroinformativo.com.mx\/index.php?rest_route=%2Fwp%2Fv2%2Fcomments&post=27810"}],"version-history":[{"count":1,"href":"https:\/\/encuentroinformativo.com.mx\/index.php?rest_route=\/wp\/v2\/posts\/27810\/revisions"}],"predecessor-version":[{"id":27812,"href":"https:\/\/encuentroinformativo.com.mx\/index.php?rest_route=\/wp\/v2\/posts\/27810\/revisions\/27812"}],"wp:featuredmedia":[{"embeddable":true,"href":"https:\/\/encuentroinformativo.com.mx\/index.php?rest_route=\/wp\/v2\/media\/27811"}],"wp:attachment":[{"href":"https:\/\/encuentroinformativo.com.mx\/index.php?rest_route=%2Fwp%2Fv2%2Fmedia&parent=27810"}],"wp:term":[{"taxonomy":"category","embeddable":true,"href":"https:\/\/encuentroinformativo.com.mx\/index.php?rest_route=%2Fwp%2Fv2%2Fcategories&post=27810"},{"taxonomy":"post_tag","embeddable":true,"href":"https:\/\/encuentroinformativo.com.mx\/index.php?rest_route=%2Fwp%2Fv2%2Ftags&post=27810"}],"curies":[{"name":"wp","href":"https:\/\/api.w.org\/{rel}","templated":true}]}}