{"id":2783,"date":"2020-05-25T13:10:21","date_gmt":"2020-05-25T18:10:21","guid":{"rendered":"https:\/\/encuentroinformativo.com\/?p=2783"},"modified":"2020-05-25T13:10:24","modified_gmt":"2020-05-25T18:10:24","slug":"tala-de-arboles-contribuye-a-desaparicion-de-abejas","status":"publish","type":"post","link":"https:\/\/encuentroinformativo.com.mx\/?p=2783","title":{"rendered":"Tala de \u00e1rboles contribuye a desaparici\u00f3n de abejas"},"content":{"rendered":"\n<p><strong>Dar\u00edo Pale <\/strong><\/p>\n\n\n\n<p>Teocelo, Ver.- Los pesticidas, la tala inmoderada de \u00e1rboles as\u00ed como la colocaci\u00f3n de antenas de celulares ha provocado la desaparici\u00f3n de varias colonias de abejas motivo por el cual se ha perdido la cosecha de algunos vegetales.<\/p>\n\n\n\n<p>Entrevistado en las instalaciones de venta de miel en Teocelo, Jos\u00e9 Juan Pale Lara quien desde hace 60 a\u00f1os su familia se dedica a la cosecha en Teocelo, municipio ubicado a 20 kil\u00f3metros de la capital veracruzana.<\/p>\n\n\n\n<p>Dio a conocer que recientemente investigadores de la Universidad Nacional Aut\u00f3noma de M\u00e9xico (UNAM) realizaron un estudio el a\u00f1o pasado (2019) para conocer el total de las p\u00e9rdidas, pero a\u00fan no se han dado los resultados, aunque los adelantos es que s\u00ed hay p\u00e9rdidas de colonias.<\/p>\n\n\n\n<p>Pero dijo que esto es una preocupaci\u00f3n porque no s\u00f3lo en esta regi\u00f3n del estado existen p\u00e9rdidas, pues tambi\u00e9n en la Comarca Lagunera (Coahuila), se perdi\u00f3 el 30 por ciento de enjambres en esa regi\u00f3n.<\/p>\n\n\n\n<p>\u201cSe perdieron en producci\u00f3n algunos vegetales como pepinos, calabazas, casi en su totalidad. Los productores perdieron por la poca cantidad de abejas que hab\u00eda, pues no hubo polinizaci\u00f3n\u201d, se\u00f1al\u00f3.<\/p>\n\n\n\n<p>Finalmente dio a conocer que a nivel nacional el Estado de Veracruz ocupa el sexto lugar en la producci\u00f3n de miel con un promedio de 70 mil toneladas anuales y compite con estados como Jalisco, Campeche, Chiapas, donde tienen los est\u00e1ndares m\u00e1s altos por la calidad y sabor.<\/p>\n\n\n\n<p><\/p>\n","protected":false},"excerpt":{"rendered":"<p>Dar\u00edo Pale Teocelo, Ver.- Los pesticidas, la tala inmoderada de \u00e1rboles as\u00ed como la colocaci\u00f3n de antenas de celulares ha provocado la desaparici\u00f3n de varias colonias de abejas motivo por el cual se ha perdido la cosecha de algunos vegetales. Entrevistado en las instalaciones de venta de miel en Teocelo, Jos\u00e9 Juan Pale Lara quien [&hellip;]<\/p>\n","protected":false},"author":1,"featured_media":2784,"comment_status":"open","ping_status":"open","sticky":false,"template":"","format":"standard","meta":{"_jetpack_memberships_contains_paid_content":false,"footnotes":""},"categories":[8],"tags":[],"class_list":["post-2783","post","type-post","status-publish","format-standard","has-post-thumbnail","hentry","category-region"],"jetpack_featured_media_url":"https:\/\/encuentroinformativo.com.mx\/wp-content\/uploads\/2020\/05\/3EB6461D-C5F9-420E-873D-6D67AA9D782C.jpeg","jetpack_sharing_enabled":true,"jetpack_likes_enabled":true,"amp_enabled":true,"_links":{"self":[{"href":"https:\/\/encuentroinformativo.com.mx\/index.php?rest_route=\/wp\/v2\/posts\/2783","targetHints":{"allow":["GET"]}}],"collection":[{"href":"https:\/\/encuentroinformativo.com.mx\/index.php?rest_route=\/wp\/v2\/posts"}],"about":[{"href":"https:\/\/encuentroinformativo.com.mx\/index.php?rest_route=\/wp\/v2\/types\/post"}],"author":[{"embeddable":true,"href":"https:\/\/encuentroinformativo.com.mx\/index.php?rest_route=\/wp\/v2\/users\/1"}],"replies":[{"embeddable":true,"href":"https:\/\/encuentroinformativo.com.mx\/index.php?rest_route=%2Fwp%2Fv2%2Fcomments&post=2783"}],"version-history":[{"count":1,"href":"https:\/\/encuentroinformativo.com.mx\/index.php?rest_route=\/wp\/v2\/posts\/2783\/revisions"}],"predecessor-version":[{"id":2785,"href":"https:\/\/encuentroinformativo.com.mx\/index.php?rest_route=\/wp\/v2\/posts\/2783\/revisions\/2785"}],"wp:featuredmedia":[{"embeddable":true,"href":"https:\/\/encuentroinformativo.com.mx\/index.php?rest_route=\/wp\/v2\/media\/2784"}],"wp:attachment":[{"href":"https:\/\/encuentroinformativo.com.mx\/index.php?rest_route=%2Fwp%2Fv2%2Fmedia&parent=2783"}],"wp:term":[{"taxonomy":"category","embeddable":true,"href":"https:\/\/encuentroinformativo.com.mx\/index.php?rest_route=%2Fwp%2Fv2%2Fcategories&post=2783"},{"taxonomy":"post_tag","embeddable":true,"href":"https:\/\/encuentroinformativo.com.mx\/index.php?rest_route=%2Fwp%2Fv2%2Ftags&post=2783"}],"curies":[{"name":"wp","href":"https:\/\/api.w.org\/{rel}","templated":true}]}}