{"id":27832,"date":"2022-05-27T22:58:16","date_gmt":"2022-05-28T03:58:16","guid":{"rendered":"https:\/\/encuentroinformativo.com.mx\/?p=27832"},"modified":"2022-05-27T22:58:24","modified_gmt":"2022-05-28T03:58:24","slug":"agreden-policias-a-reporteros-durante-cobertura-de-manifestacion","status":"publish","type":"post","link":"https:\/\/encuentroinformativo.com.mx\/?p=27832","title":{"rendered":"Agreden polic\u00edas a reporteros durante cobertura de manifestaci\u00f3n"},"content":{"rendered":"\n<p><strong>Dar\u00edo Pale<\/strong><\/p>\n\n\n\n<p>Xalapa, Ver.- De nueva cuenta elementos de la Secretaria de Seguridad P\u00fablica (SSP), vuelven a agredir a reporteros que daban cobertura a una manifestaci\u00f3n de motorrepartidores donde personal de esa dependencia llev\u00f3 a cabo un operativo para desalojarlos.<\/p>\n\n\n\n<p>Los motorrepartidores se encontraban bloqueando la Avenida L\u00e1zaro C\u00e1rdenas a la altura de la colonia 21 de marzo donde ya ten\u00edan aproximadamente dos horas de estar manifest\u00e1ndose, esto despu\u00e9s de que bloquear\u00e1n por un momento la calle de Enr\u00edquez en la zona centro de la capital.<\/p>\n\n\n\n<p>Al no tener respuesta se trasladaron al punto antes mencionado donde solicitaron la presencia de personal del gobierno del estado pero estos no acudieron, al enterarse de que se trasladar\u00edan elementos de antimotines empezaron a retirarse del lugar para evitar alg\u00fan enfrentamiento con los elementos policiacos pero fueron intervenidos metros m\u00e1s adelante.<\/p>\n\n\n\n<p>De igual forma elementos de la Secretar\u00eda de seguridad p\u00fablica de la unidad SP-3488 y SP-3460, agredieron a reporteros algunos medios de comunicaci\u00f3n cuando intentaban documentar lo sucedido en el lugar de los hechos, donde les tiraron el celular incluso se los patearon y golpearon a quiene daban cobertura, iIncluso a uno de ellos le &#8220;aventaron&#8221; la camioneta cuando se retiraban del lugar.<\/p>\n\n\n\n<p>En la zona \u00a0fueron detenidos al menos dos motorrepartidores, as\u00ed como sus \u00a0unidades si\u00e9ndo trasladados al cuartel de San Jos\u00e9 \u00a0donde se espera sean \u00a0puesto a disposici\u00f3n de las autoridades correspondientes.<\/p>\n\n\n\n<p>Cabe recordar que este jueves alrededor de mediod\u00eda se encontraban manifest\u00e1ndose en la calle de Enr\u00edquez para solicitar una alto al \u00a0abuso de autoridad por parte de los elementos policiacos de la Secretar\u00eda seguridad p\u00fablica y la Fuerza Civil.<\/p>\n","protected":false},"excerpt":{"rendered":"<p>Dar\u00edo Pale Xalapa, Ver.- De nueva cuenta elementos de la Secretaria de Seguridad P\u00fablica (SSP), vuelven a agredir a reporteros que daban cobertura a una manifestaci\u00f3n de motorrepartidores donde personal de esa dependencia llev\u00f3 a cabo un operativo para desalojarlos. Los motorrepartidores se encontraban bloqueando la Avenida L\u00e1zaro C\u00e1rdenas a la altura de la colonia [&hellip;]<\/p>\n","protected":false},"author":1,"featured_media":27833,"comment_status":"open","ping_status":"open","sticky":false,"template":"","format":"standard","meta":{"_jetpack_memberships_contains_paid_content":false,"footnotes":""},"categories":[14],"tags":[],"class_list":["post-27832","post","type-post","status-publish","format-standard","has-post-thumbnail","hentry","category-policiaca"],"jetpack_featured_media_url":"https:\/\/encuentroinformativo.com.mx\/wp-content\/uploads\/2022\/05\/16EA1F17-53C1-4F4B-99E6-7667ED992E23.jpeg","jetpack_sharing_enabled":true,"jetpack_likes_enabled":true,"amp_enabled":true,"_links":{"self":[{"href":"https:\/\/encuentroinformativo.com.mx\/index.php?rest_route=\/wp\/v2\/posts\/27832","targetHints":{"allow":["GET"]}}],"collection":[{"href":"https:\/\/encuentroinformativo.com.mx\/index.php?rest_route=\/wp\/v2\/posts"}],"about":[{"href":"https:\/\/encuentroinformativo.com.mx\/index.php?rest_route=\/wp\/v2\/types\/post"}],"author":[{"embeddable":true,"href":"https:\/\/encuentroinformativo.com.mx\/index.php?rest_route=\/wp\/v2\/users\/1"}],"replies":[{"embeddable":true,"href":"https:\/\/encuentroinformativo.com.mx\/index.php?rest_route=%2Fwp%2Fv2%2Fcomments&post=27832"}],"version-history":[{"count":1,"href":"https:\/\/encuentroinformativo.com.mx\/index.php?rest_route=\/wp\/v2\/posts\/27832\/revisions"}],"predecessor-version":[{"id":27834,"href":"https:\/\/encuentroinformativo.com.mx\/index.php?rest_route=\/wp\/v2\/posts\/27832\/revisions\/27834"}],"wp:featuredmedia":[{"embeddable":true,"href":"https:\/\/encuentroinformativo.com.mx\/index.php?rest_route=\/wp\/v2\/media\/27833"}],"wp:attachment":[{"href":"https:\/\/encuentroinformativo.com.mx\/index.php?rest_route=%2Fwp%2Fv2%2Fmedia&parent=27832"}],"wp:term":[{"taxonomy":"category","embeddable":true,"href":"https:\/\/encuentroinformativo.com.mx\/index.php?rest_route=%2Fwp%2Fv2%2Fcategories&post=27832"},{"taxonomy":"post_tag","embeddable":true,"href":"https:\/\/encuentroinformativo.com.mx\/index.php?rest_route=%2Fwp%2Fv2%2Ftags&post=27832"}],"curies":[{"name":"wp","href":"https:\/\/api.w.org\/{rel}","templated":true}]}}