{"id":27835,"date":"2022-05-28T10:21:05","date_gmt":"2022-05-28T15:21:05","guid":{"rendered":"https:\/\/encuentroinformativo.com.mx\/?p=27835"},"modified":"2022-05-28T10:21:08","modified_gmt":"2022-05-28T15:21:08","slug":"debanhi-viridiana","status":"publish","type":"post","link":"https:\/\/encuentroinformativo.com.mx\/?p=27835","title":{"rendered":"Debanhi-Viridiana"},"content":{"rendered":"\n<p><strong>Coincidencias y diferencias entre dos entidades que est\u00e1n enmarcadas al menos en los dos \u00faltimos feminicidios que han cimbrado al pa\u00eds\u2026<\/strong><\/p>\n\n\n\n<p><strong>N\u00fameros Rojos<\/strong><\/p>\n\n\n\n<p><strong>Brenda Caballero<\/strong><\/p>\n\n\n\n<p>\u201cA la Fiscal\u00eda le toca investigar la causa de la muerte violenta de las mujeres, y a usted se\u00f1or gobernador, como responsable de la seguridad del Estado, el de protegerlas y evitar su muerte\u201d.<\/p>\n\n\n\n<p>Tambi\u00e9n agreg\u00f3 \u201cSe\u00f1or gobernador (\u2026) la Fiscal\u00eda General de Justicia es una instituci\u00f3n aut\u00f3noma, no pol\u00edtica; lo invito responsablemente a que respetemos la Constituci\u00f3n\u201d.<\/p>\n\n\n\n<p>Las declaraciones surgieron despu\u00e9s de la desaparici\u00f3n, feminicidio y posterior localizaci\u00f3n del cuerpo de la joven. En un caso que cimbra al estado, pues sigue sin resolverse.<\/p>\n\n\n\n<p>La chica, Debanhi Escobar; el estado, Nuevo Le\u00f3n.<\/p>\n\n\n\n<p>A casi un mes, otro caso de feminicidio cimbra al pa\u00eds, con varios elementos comunes: Una chica desaparecida, un hotel, un feminicidio sin resolverse\u2026 pero ahora en Veracruz, para ser precisa, en Cardel.<\/p>\n\n\n\n<p>En esa ciudad, Viridiana Moreno, joven de 31 a\u00f1os, es contactada por un perfil falso a trav\u00e9s de redes sociales para acudir a una entrevista de trabajo. Le ofrec\u00edan el puesto de recepcionista del Hotel con un sueldo de mil 800 pesos semanales m\u00e1s bono de puntualidad y con turno a escoger.<\/p>\n\n\n\n<p>Doce horas pasaron para que se emitiera la ficha de b\u00fasqueda, tiempo que es clave en casos de desaparici\u00f3n de personas pues en ese lapso pueden hasta sacarla del pa\u00eds, por decir lo menos.<\/p>\n\n\n\n<p>Lo peor vino despu\u00e9s. Horas de angustia de sus familiares y seres queridos; desesperaci\u00f3n por conocer el paradero de Viridiana temiendo el peor de los escenarios actuales cuando una mujer desaparece en un estado que nos violenta, nos mata, porque simplemente no pasa nada.<\/p>\n\n\n\n<p>Desafortunado, muy desafortunado decir que Viridiana \u201cestaba resguardada\u201d y m\u00e1s cuando proviene&nbsp; de una autoridad, de ese Gobierno que nos debe cuidar, proteger, que tiene que velar porque estemos sanas y salvas. \u00bfSe imagina usted a la familia cpn esas declaraciones? La esperanza es lo \u00faltimo que muere; la esperanza es lo \u00fanico que nos dejan; la esperanza, nada m\u00e1s que la esperanza. \u00bfQu\u00e9 sigue? \u00a1Pedir que la devuelvan! \u00a1Pues est\u00e1 resguardada!<\/p>\n\n\n\n<p>Mucho me han preguntado: \u00bfpero por qu\u00e9 declar\u00f3 eso? \u00bfPor qu\u00e9 decir que estaba resguardada?<\/p>\n\n\n\n<p>Es dif\u00edcil saberlo, entenderlo, asimilarlo\u2026. M\u00e1s dif\u00edcil explicarle al hijo de Viridiana el porqu\u00e9 no regresar\u00e1 su madre que todav\u00eda lo fue a recoger al colegio pero que no ir\u00e1 ya m\u00e1s porque est\u00e1 muerta.<\/p>\n\n\n\n<p>\u00a1La asesinaron por pensar ella en otro empleo! \u00a1En un ingreso extra tan necesario en nuestros d\u00edas!<\/p>\n\n\n\n<p>Debanhi y Viridiana son dos tristes \u201ccoincidencias\u201d entre Nuevo Le\u00f3n y Veracruz\u2026 Otra similitud es que estos estados ocupan el segundo lugar en feminicidios con 21 casos, solo despu\u00e9s del Estado de M\u00e9xico que suma 39 casos.<\/p>\n\n\n\n<p>Pero no todo es coincidencia, tambi\u00e9n hay diferencias, la principal y m\u00e1s importante: la divisi\u00f3n de entidades en Nuevo Le\u00f3n entre el Fiscal y el Gobernador Samuel Garc\u00eda; esa distancia sana de poderes que en Veracruz no tenemos y que deber\u00eda existir.<\/p>\n\n\n\n<p>\u00bfO alguna vez ha escuchado a la Fiscal Ver\u00f3nica exigir al Gobernador que haga su trabajo?&nbsp; \u00bfO al rev\u00e9s? Yo no lo recuerdo, pero si es as\u00ed \u00a1h\u00e1gamelo saber!<\/p>\n\n\n\n<p>Twiter: @NumerosRojos_BC<\/p>\n\n\n\n<p><a href=\"mailto:caballero_brenda@hotmail.com\" target=\"_blank\" rel=\"noreferrer noopener\">caballero_brenda@hotmail.com<\/a><\/p>\n","protected":false},"excerpt":{"rendered":"<p>Coincidencias y diferencias entre dos entidades que est\u00e1n enmarcadas al menos en los dos \u00faltimos feminicidios que han cimbrado al pa\u00eds\u2026 N\u00fameros Rojos Brenda Caballero \u201cA la Fiscal\u00eda le toca investigar la causa de la muerte violenta de las mujeres, y a usted se\u00f1or gobernador, como responsable de la seguridad del Estado, el de protegerlas [&hellip;]<\/p>\n","protected":false},"author":1,"featured_media":387,"comment_status":"open","ping_status":"open","sticky":false,"template":"","format":"standard","meta":{"_jetpack_memberships_contains_paid_content":false,"footnotes":""},"categories":[11],"tags":[],"class_list":["post-27835","post","type-post","status-publish","format-standard","has-post-thumbnail","hentry","category-opinion"],"jetpack_featured_media_url":"https:\/\/encuentroinformativo.com.mx\/wp-content\/uploads\/2020\/03\/7CF8A22B-2764-47BE-8F7F-38FE9E5D6A2F.jpeg","jetpack_sharing_enabled":true,"jetpack_likes_enabled":true,"amp_enabled":true,"_links":{"self":[{"href":"https:\/\/encuentroinformativo.com.mx\/index.php?rest_route=\/wp\/v2\/posts\/27835","targetHints":{"allow":["GET"]}}],"collection":[{"href":"https:\/\/encuentroinformativo.com.mx\/index.php?rest_route=\/wp\/v2\/posts"}],"about":[{"href":"https:\/\/encuentroinformativo.com.mx\/index.php?rest_route=\/wp\/v2\/types\/post"}],"author":[{"embeddable":true,"href":"https:\/\/encuentroinformativo.com.mx\/index.php?rest_route=\/wp\/v2\/users\/1"}],"replies":[{"embeddable":true,"href":"https:\/\/encuentroinformativo.com.mx\/index.php?rest_route=%2Fwp%2Fv2%2Fcomments&post=27835"}],"version-history":[{"count":1,"href":"https:\/\/encuentroinformativo.com.mx\/index.php?rest_route=\/wp\/v2\/posts\/27835\/revisions"}],"predecessor-version":[{"id":27836,"href":"https:\/\/encuentroinformativo.com.mx\/index.php?rest_route=\/wp\/v2\/posts\/27835\/revisions\/27836"}],"wp:featuredmedia":[{"embeddable":true,"href":"https:\/\/encuentroinformativo.com.mx\/index.php?rest_route=\/wp\/v2\/media\/387"}],"wp:attachment":[{"href":"https:\/\/encuentroinformativo.com.mx\/index.php?rest_route=%2Fwp%2Fv2%2Fmedia&parent=27835"}],"wp:term":[{"taxonomy":"category","embeddable":true,"href":"https:\/\/encuentroinformativo.com.mx\/index.php?rest_route=%2Fwp%2Fv2%2Fcategories&post=27835"},{"taxonomy":"post_tag","embeddable":true,"href":"https:\/\/encuentroinformativo.com.mx\/index.php?rest_route=%2Fwp%2Fv2%2Ftags&post=27835"}],"curies":[{"name":"wp","href":"https:\/\/api.w.org\/{rel}","templated":true}]}}