{"id":27837,"date":"2022-05-28T13:23:50","date_gmt":"2022-05-28T18:23:50","guid":{"rendered":"https:\/\/encuentroinformativo.com.mx\/?p=27837"},"modified":"2022-05-28T13:23:54","modified_gmt":"2022-05-28T18:23:54","slug":"alvarado-se-preparan-para-el-arroz-a-la-tumbada-cocinaran-10-toneladas","status":"publish","type":"post","link":"https:\/\/encuentroinformativo.com.mx\/?p=27837","title":{"rendered":"Alvarado se preparan para el Arroz a la Tumbada, cocinar\u00e1n 10 toneladas"},"content":{"rendered":"\n<p><strong>Alejandro \u00c1vila<\/strong><\/p>\n\n\n\n<p>Alvarado, Ver.- Restauranteros del municipio de Alvarado se preparan para volver a realizar el tradicional Arroz a la Tumbada, durante el cierre de los festejos de &#8220;Las Cruces de Mayo&#8221;; en esta ocasi\u00f3n, y tras dos a\u00f1os de ausencia por la pandemia, cocinar\u00e1n 10 toneladas.<\/p>\n\n\n\n<p>Decenas de cocineros de diversas localidades del municipio iniciar\u00e1n con la preparaci\u00f3n del Arroz a la Tumbada a las 10 de la ma\u00f1ana, y se estima qu\u00e9 se est\u00e9 sirviendo a los locales y visitantes cerca de las 13:30 horas; es de mencionar qu\u00e9, se busca romper un r\u00e9cord mundial, pues en la \u00faltima ocasi\u00f3n se cocinaron 6 toneladas, y esta vez se har\u00e1n cuatro m\u00e1s.<\/p>\n\n\n\n<p>Dentro de las actividades religiosas y culturales que organiz\u00f3 el Ayuntamiento, a cargo de la alcaldesa, Lizzette \u00c1lvarez Vera, previo al cierre, se tendr\u00e1 este s\u00e1bado la presencia del grupo internacional &#8220;Recoveco&#8221;, qui\u00e9nes dar\u00e1n un concierto a las 22 horas en el z\u00f3calo de la ciudad.<\/p>\n\n\n\n<p>El Ayuntamiento de Alvarado, qui\u00e9n organiz\u00f3 durante todo un mes las actividades por las festividades de &#8220;Las Cruces de Mayo&#8221; en coordinaci\u00f3n con la Casa de Cultura y la Asociaci\u00f3n Serradel, estiman la presencia de, aproximadamente, 15 mil visitantes este domingo; ser\u00e1 a mediados de la pr\u00f3xima semana, cu\u00e1ndo se puedan conocer los n\u00fameros de la derrama econ\u00f3mica qu\u00e9 dej\u00f3 este evento tradicional qu\u00e9 inici\u00f3 en 1995.<\/p>\n","protected":false},"excerpt":{"rendered":"<p>Alejandro \u00c1vila Alvarado, Ver.- Restauranteros del municipio de Alvarado se preparan para volver a realizar el tradicional Arroz a la Tumbada, durante el cierre de los festejos de &#8220;Las Cruces de Mayo&#8221;; en esta ocasi\u00f3n, y tras dos a\u00f1os de ausencia por la pandemia, cocinar\u00e1n 10 toneladas. Decenas de cocineros de diversas localidades del municipio [&hellip;]<\/p>\n","protected":false},"author":1,"featured_media":27838,"comment_status":"open","ping_status":"open","sticky":false,"template":"","format":"standard","meta":{"_jetpack_memberships_contains_paid_content":false,"footnotes":""},"categories":[2],"tags":[],"class_list":["post-27837","post","type-post","status-publish","format-standard","has-post-thumbnail","hentry","category-estado"],"jetpack_featured_media_url":"https:\/\/encuentroinformativo.com.mx\/wp-content\/uploads\/2022\/05\/8131DE9D-435E-490E-9A54-53BA8078B7E3.jpeg","jetpack_sharing_enabled":true,"jetpack_likes_enabled":true,"amp_enabled":true,"_links":{"self":[{"href":"https:\/\/encuentroinformativo.com.mx\/index.php?rest_route=\/wp\/v2\/posts\/27837","targetHints":{"allow":["GET"]}}],"collection":[{"href":"https:\/\/encuentroinformativo.com.mx\/index.php?rest_route=\/wp\/v2\/posts"}],"about":[{"href":"https:\/\/encuentroinformativo.com.mx\/index.php?rest_route=\/wp\/v2\/types\/post"}],"author":[{"embeddable":true,"href":"https:\/\/encuentroinformativo.com.mx\/index.php?rest_route=\/wp\/v2\/users\/1"}],"replies":[{"embeddable":true,"href":"https:\/\/encuentroinformativo.com.mx\/index.php?rest_route=%2Fwp%2Fv2%2Fcomments&post=27837"}],"version-history":[{"count":1,"href":"https:\/\/encuentroinformativo.com.mx\/index.php?rest_route=\/wp\/v2\/posts\/27837\/revisions"}],"predecessor-version":[{"id":27839,"href":"https:\/\/encuentroinformativo.com.mx\/index.php?rest_route=\/wp\/v2\/posts\/27837\/revisions\/27839"}],"wp:featuredmedia":[{"embeddable":true,"href":"https:\/\/encuentroinformativo.com.mx\/index.php?rest_route=\/wp\/v2\/media\/27838"}],"wp:attachment":[{"href":"https:\/\/encuentroinformativo.com.mx\/index.php?rest_route=%2Fwp%2Fv2%2Fmedia&parent=27837"}],"wp:term":[{"taxonomy":"category","embeddable":true,"href":"https:\/\/encuentroinformativo.com.mx\/index.php?rest_route=%2Fwp%2Fv2%2Fcategories&post=27837"},{"taxonomy":"post_tag","embeddable":true,"href":"https:\/\/encuentroinformativo.com.mx\/index.php?rest_route=%2Fwp%2Fv2%2Ftags&post=27837"}],"curies":[{"name":"wp","href":"https:\/\/api.w.org\/{rel}","templated":true}]}}