{"id":27840,"date":"2022-05-28T13:26:42","date_gmt":"2022-05-28T18:26:42","guid":{"rendered":"https:\/\/encuentroinformativo.com.mx\/?p=27840"},"modified":"2022-05-28T13:26:45","modified_gmt":"2022-05-28T18:26:45","slug":"le-roban-camioneta-presenta-pruebas-en-video-y-fiscalia-de-boca-del-rio-no-procede","status":"publish","type":"post","link":"https:\/\/encuentroinformativo.com.mx\/?p=27840","title":{"rendered":"Le roban camioneta, presenta pruebas en video, y Fiscal\u00eda de Boca del R\u00edo no procede"},"content":{"rendered":"\n<p><strong>Alejandro \u00c1vila<\/strong><\/p>\n\n\n\n<p>Boca del R\u00edo, Ver.- El ciudadano Rafael Moreno Mart\u00ednez, denunci\u00f3 ante la Fiscal\u00eda Regional de Boca del R\u00edo el robo de su camioneta, ante la cual present\u00f3 pruebas contundentes en video; sin embargo, acus\u00f3 qu\u00e9 la dependencia de impartici\u00f3n de justicia ha hecho caso omiso de su agravio.<\/p>\n\n\n\n<p>El pasado 16 de mayo el afectado acudi\u00f3 a la Fiscal\u00eda para denunciar penalmente a Daniel Fortunato P.L. a qui\u00e9n se\u00f1ala como presunto responsable del robo de su camioneta Mazda CX7.<\/p>\n\n\n\n<p>El presunto ladr\u00f3n es el ex novio de la antigua propietaria de la unidad, qui\u00e9n le habr\u00eda quitado las llaves a la mujer, y tras localizar la camioneta en el fraccionamiento Lomas del Mar del municipio de Alvarado, fue por el autom\u00f3vil y se lo llev\u00f3 perpetrando un il\u00edcito<\/p>\n\n\n\n<p>El agraviado se\u00f1ala qu\u00e9, el ladr\u00f3n est\u00e1 plenamente identificado por las c\u00e1maras de v\u00eddeo del fraccionamiento, grabaciones que llevo como prueba a la Fiscal\u00eda Regional de Boca del R\u00edo, e incluso se conoce que la unidad est\u00e1 en el municipio de Paso de Ovejas, d\u00f3nde el presunto ladr\u00f3n tiene su domicilio, pero lament\u00f3 qu\u00e9, las autoridades ministeriales no est\u00e9n actuando al respecto.<\/p>\n\n\n\n<p>A pesar de que, un fiscal abri\u00f3 la indagatoria 425\/2022, es la fecha en que no se han enviado los citatorios correspondientes en contra del imputado, para que se presente y responda conforme a derecho.<\/p>\n\n\n\n<p>Adem\u00e1s, dijo Rafael Moreno Mart\u00ednez, se encuentra en medio de un problema marital, pues pudo conocer que Daniel Fortunato P.L. lo denuncio por robo, cuando \u00e9l hizo la compra de manera legal y cuenta con documentos para comprobarlo.<\/p>\n\n\n\n<p>Ahora Moreno Mart\u00ednez hace un llamado a la Fiscal General del Estado Ver\u00f3nica Hern\u00e1ndez Giadans para que ponga orden en la fiscal\u00eda situada sobre el bulevar Adolfo Ruiz Cortines, pues act\u00faan con &#8216;tortuguismo&#8217;.<\/p>\n","protected":false},"excerpt":{"rendered":"<p>Alejandro \u00c1vila Boca del R\u00edo, Ver.- El ciudadano Rafael Moreno Mart\u00ednez, denunci\u00f3 ante la Fiscal\u00eda Regional de Boca del R\u00edo el robo de su camioneta, ante la cual present\u00f3 pruebas contundentes en video; sin embargo, acus\u00f3 qu\u00e9 la dependencia de impartici\u00f3n de justicia ha hecho caso omiso de su agravio. El pasado 16 de mayo [&hellip;]<\/p>\n","protected":false},"author":1,"featured_media":27841,"comment_status":"open","ping_status":"open","sticky":false,"template":"","format":"standard","meta":{"_jetpack_memberships_contains_paid_content":false,"footnotes":""},"categories":[2],"tags":[],"class_list":["post-27840","post","type-post","status-publish","format-standard","has-post-thumbnail","hentry","category-estado"],"jetpack_featured_media_url":"https:\/\/encuentroinformativo.com.mx\/wp-content\/uploads\/2022\/05\/AED064CA-F98F-4B91-B746-295582D6A8C2.jpeg","jetpack_sharing_enabled":true,"jetpack_likes_enabled":true,"amp_enabled":true,"_links":{"self":[{"href":"https:\/\/encuentroinformativo.com.mx\/index.php?rest_route=\/wp\/v2\/posts\/27840","targetHints":{"allow":["GET"]}}],"collection":[{"href":"https:\/\/encuentroinformativo.com.mx\/index.php?rest_route=\/wp\/v2\/posts"}],"about":[{"href":"https:\/\/encuentroinformativo.com.mx\/index.php?rest_route=\/wp\/v2\/types\/post"}],"author":[{"embeddable":true,"href":"https:\/\/encuentroinformativo.com.mx\/index.php?rest_route=\/wp\/v2\/users\/1"}],"replies":[{"embeddable":true,"href":"https:\/\/encuentroinformativo.com.mx\/index.php?rest_route=%2Fwp%2Fv2%2Fcomments&post=27840"}],"version-history":[{"count":1,"href":"https:\/\/encuentroinformativo.com.mx\/index.php?rest_route=\/wp\/v2\/posts\/27840\/revisions"}],"predecessor-version":[{"id":27842,"href":"https:\/\/encuentroinformativo.com.mx\/index.php?rest_route=\/wp\/v2\/posts\/27840\/revisions\/27842"}],"wp:featuredmedia":[{"embeddable":true,"href":"https:\/\/encuentroinformativo.com.mx\/index.php?rest_route=\/wp\/v2\/media\/27841"}],"wp:attachment":[{"href":"https:\/\/encuentroinformativo.com.mx\/index.php?rest_route=%2Fwp%2Fv2%2Fmedia&parent=27840"}],"wp:term":[{"taxonomy":"category","embeddable":true,"href":"https:\/\/encuentroinformativo.com.mx\/index.php?rest_route=%2Fwp%2Fv2%2Fcategories&post=27840"},{"taxonomy":"post_tag","embeddable":true,"href":"https:\/\/encuentroinformativo.com.mx\/index.php?rest_route=%2Fwp%2Fv2%2Ftags&post=27840"}],"curies":[{"name":"wp","href":"https:\/\/api.w.org\/{rel}","templated":true}]}}