{"id":27856,"date":"2022-05-29T15:05:15","date_gmt":"2022-05-29T20:05:15","guid":{"rendered":"https:\/\/encuentroinformativo.com.mx\/?p=27856"},"modified":"2022-05-29T15:05:19","modified_gmt":"2022-05-29T20:05:19","slug":"se-suman-xalapenos-a-protestas-por-la-paz","status":"publish","type":"post","link":"https:\/\/encuentroinformativo.com.mx\/?p=27856","title":{"rendered":"Se suman xalape\u00f1os a protestas Por La Paz"},"content":{"rendered":"\n<p><strong>Juan Arcos <\/strong><\/p>\n\n\n\n<p>Xalapa, Ver.- Un peque\u00f1o grupo de ciudadanos se sum\u00f3 a la marcha nacional \u201cpor la paz y la uni\u00f3n de M\u00e9xico\u201d en esta ciudad de Xalapa y se concentr\u00f3 frente a Palacio de Gobierno.<\/p>\n\n\n\n<p>Estas personas se plantaron sobre las escalinatas de la Catedral Metropolitana en rechazo al gobierno que encabeza el presidente Andr\u00e9s Manuel L\u00f3pez Obrador.<\/p>\n\n\n\n<p>Ana Laura P\u00e9rez Mendoza, quien fue funcionaria durante el bienio yunista, particip\u00f3 en esta manifestaci\u00f3n y se\u00f1al\u00f3 que los ciudadanos est\u00e1n preocupados por la violencia que impera en el pa\u00eds.<\/p>\n\n\n\n<p>\u201cObviamente que, como ciudadanos sin partido, estamos muy preocupados por este rumbo que tiene el pa\u00eds, sobre todo por este tema de que se ha incrementado la violencia en todas partes\u201d, expres\u00f3.<br>La entrevistada indic\u00f3 que la gente tambi\u00e9n est\u00e1 alarmada por la falta de medicamentos en hospitales.<\/p>\n\n\n\n<p>\u201cEstamos preocupados por el asunto de destinar recursos econ\u00f3micos a proyectos que no tienen futuro cuando hace falta mucho m\u00e1s, en otros rubros m\u00e1s importantes para el buen funcionamiento del pa\u00eds\u201d.<\/p>\n\n\n\n<p>La expresidenta de la Comisi\u00f3n Estatal para la Atenci\u00f3n y Protecci\u00f3n de los Periodistas (Ceapp) se\u00f1al\u00f3 que mucha gente est\u00e1 consciente de que el gobierno federal ha tomado malas decisiones.<\/p>\n\n\n\n<p>\u201cNo estamos en contra de una persona, estamos en contra de las malas decisiones, que nos afectan a todos, por ejemplo, la inflaci\u00f3n, creo que todos en este momento estamos viendo c\u00f3mo se ha incrementado la canasta b\u00e1sica y que cada vez alcanza para menos y todo tiene que ver con estas decisiones\u201d, a\u00f1adi\u00f3.<\/p>\n\n\n\n<p>La protesta se llev\u00f3 a cabo de manera simult\u00e1nea en otros sitios del pa\u00eds, como Aguascalientes, Canc\u00fan, Ciudad Ju\u00e1rez, Ciudad de M\u00e9xico y en el puerto de Veracruz, por mencionar algunos.<\/p>\n","protected":false},"excerpt":{"rendered":"<p>Juan Arcos Xalapa, Ver.- Un peque\u00f1o grupo de ciudadanos se sum\u00f3 a la marcha nacional \u201cpor la paz y la uni\u00f3n de M\u00e9xico\u201d en esta ciudad de Xalapa y se concentr\u00f3 frente a Palacio de Gobierno. Estas personas se plantaron sobre las escalinatas de la Catedral Metropolitana en rechazo al gobierno que encabeza el presidente [&hellip;]<\/p>\n","protected":false},"author":1,"featured_media":27857,"comment_status":"open","ping_status":"open","sticky":false,"template":"","format":"standard","meta":{"_jetpack_memberships_contains_paid_content":false,"footnotes":""},"categories":[3],"tags":[],"class_list":["post-27856","post","type-post","status-publish","format-standard","has-post-thumbnail","hentry","category-xalapa"],"jetpack_featured_media_url":"https:\/\/encuentroinformativo.com.mx\/wp-content\/uploads\/2022\/05\/456525A0-EF06-4E49-A3BB-29CFE9DA4D9C.jpeg","jetpack_sharing_enabled":true,"jetpack_likes_enabled":true,"amp_enabled":true,"_links":{"self":[{"href":"https:\/\/encuentroinformativo.com.mx\/index.php?rest_route=\/wp\/v2\/posts\/27856","targetHints":{"allow":["GET"]}}],"collection":[{"href":"https:\/\/encuentroinformativo.com.mx\/index.php?rest_route=\/wp\/v2\/posts"}],"about":[{"href":"https:\/\/encuentroinformativo.com.mx\/index.php?rest_route=\/wp\/v2\/types\/post"}],"author":[{"embeddable":true,"href":"https:\/\/encuentroinformativo.com.mx\/index.php?rest_route=\/wp\/v2\/users\/1"}],"replies":[{"embeddable":true,"href":"https:\/\/encuentroinformativo.com.mx\/index.php?rest_route=%2Fwp%2Fv2%2Fcomments&post=27856"}],"version-history":[{"count":1,"href":"https:\/\/encuentroinformativo.com.mx\/index.php?rest_route=\/wp\/v2\/posts\/27856\/revisions"}],"predecessor-version":[{"id":27858,"href":"https:\/\/encuentroinformativo.com.mx\/index.php?rest_route=\/wp\/v2\/posts\/27856\/revisions\/27858"}],"wp:featuredmedia":[{"embeddable":true,"href":"https:\/\/encuentroinformativo.com.mx\/index.php?rest_route=\/wp\/v2\/media\/27857"}],"wp:attachment":[{"href":"https:\/\/encuentroinformativo.com.mx\/index.php?rest_route=%2Fwp%2Fv2%2Fmedia&parent=27856"}],"wp:term":[{"taxonomy":"category","embeddable":true,"href":"https:\/\/encuentroinformativo.com.mx\/index.php?rest_route=%2Fwp%2Fv2%2Fcategories&post=27856"},{"taxonomy":"post_tag","embeddable":true,"href":"https:\/\/encuentroinformativo.com.mx\/index.php?rest_route=%2Fwp%2Fv2%2Ftags&post=27856"}],"curies":[{"name":"wp","href":"https:\/\/api.w.org\/{rel}","templated":true}]}}