{"id":27864,"date":"2022-05-30T09:05:08","date_gmt":"2022-05-30T14:05:08","guid":{"rendered":"https:\/\/encuentroinformativo.com.mx\/?p=27864"},"modified":"2022-05-30T09:05:13","modified_gmt":"2022-05-30T14:05:13","slug":"salmon","status":"publish","type":"post","link":"https:\/\/encuentroinformativo.com.mx\/?p=27864","title":{"rendered":"\u00bfSalm\u00f3n?"},"content":{"rendered":"\n<p><strong>Los Pol\u00edticos<\/strong><\/p>\n\n\n\n<p><strong>Salvador Mu\u00f1oz<\/strong><\/p>\n\n\n\n<p>Hasta donde se sabe, Podemos a\u00fan est\u00e1 en la pugna legal porque se le reconozca como partido pol\u00edtico\u2026 en el caso de Redes Sociales Progresistas, se recuerda que estuvo a un pelo de alcanzar el deseado 3% que marca la Ley para salvar el registro; Unidad Ciudadana anda por ah\u00ed sin hacer mucho ruido; del PES, Todos por Veracruz y el Cardenista, ni sus luces\u2026 de los llamados \u201cPartidos Chicos\u201d, s\u00f3lo Fuerza por M\u00e9xico \u201csobrevivi\u00f3\u201d, por as\u00ed decirlo\u2026<\/p>\n\n\n\n<p>Quiz\u00e1s por ser su g\u00e9nesis o quiz\u00e1s por su ideolog\u00eda o por ambas cosas, la mayor\u00eda de sus candidatos en las pasadas elecciones fueron ciudadanos, tendencia que en su mayor\u00eda dos partidos m\u00e1s siguieron: Movimiento Ciudadano y Morena.<\/p>\n\n\n\n<p>A diferencia de Morena, el resto de estos partidos no contaban ni cuentan con una marca tan pesada como es L\u00f3pez Obrador; por ah\u00ed el Movimiento Naranja recurri\u00f3 a liderazgos locales como el de Paquita la del Barrio, por poner un ejemplo, quien contendi\u00f3 por el distrito de Misantla pero anduvo de la Ceca a la Meca invitando a la gente a votar por naranja, que al corte de caja, pudi\u00e9ramos decir que de un modo u otro, funcion\u00f3.<\/p>\n\n\n\n<p>Algunos \u201cPartidos Chicos\u201d buscaron esos liderazgos, ya fuera en personajes locales o hasta uno que otro artista, como Jos\u00e9 Alberto El Chocolate P\u00e9rez en Xalapa, o Paolo Botti en Paso de Ovejas, por parte del PES, pero la mayor\u00eda de estos partidos se apost\u00f3 al ciudadano.<\/p>\n\n\n\n<p>A casi un a\u00f1o de las elecciones, si habr\u00eda lugar a una pregunta, yo har\u00eda \u00e9sta:<\/p>\n\n\n\n<p>\u00bfQu\u00e9 pas\u00f3 con la estructura pol\u00edtica de cada uno de estos \u201cpartidos chicos\u201d?<\/p>\n\n\n\n<p>Insisto, hasta donde s\u00e9, Paco Garrido a\u00fan lucha por su Podemos y por ende, es seguro que su gente, la gente que particip\u00f3 en la construcci\u00f3n de este partido, ah\u00ed siga\u2026 \u00bfy el resto? \u00a1Sepa! Pero si hacemos cuentas a ojo de buen cubero, todos estos \u201cpartidos chicos\u201d sumaron en la pasada elecci\u00f3n arriba de 400 mil votos\u2026<\/p>\n\n\n\n<p>\u00bfA qu\u00e9 voy?<\/p>\n\n\n\n<p>\u00bfQu\u00e9 pasar\u00eda si PES, Todos por Veracruz, Unidad Ciudadana, Redes y Podemos unieran estructura, energ\u00eda, a Fuerza por M\u00e9xico bajo la constante que el ciudadano fue el lugar com\u00fan en sus candidatos?<\/p>\n\n\n\n<p>\u00a1Vamos! Hablamos de 400 mil votos en su primera contienda\u2026 la suma de experiencia, conocimiento y estructura bien podr\u00eda volverse una opci\u00f3n sumamente interesante como tambi\u00e9n si v\u00eda FxM fuera visto como una opci\u00f3n de alianza por estar vigente\u2026 \u00bfcon qui\u00e9n? En primera instancia, no los veo con PAN-PRI-PRD porque estos partidos en un alto porcentaje, apuesta a dar espacio a sus militantes. Entonces quedan dos opciones: Morena y Movimiento Ciudadano.<\/p>\n\n\n\n<p>Sacudiendo el cernidor, como que tampoco encajar\u00edan en Morena porque si bien, la tendencia es impulsar ciudadanos, en este partido hay una idea rara del \u201cpurismo\u201d porque muchos de sus seguidores apuestan a los fundadores del partido (y no, no me refiero al pri\u00edsmo que traen en la sangre sus creadores) y ven con desagrado a otros (ya sea de partidos o ciudadanos) que se acerquen al Movimiento de AMLO.<\/p>\n\n\n\n<p>La opci\u00f3n est\u00e1 en el salm\u00f3n\u2026 digo, no s\u00e9 si se le pueda llamar as\u00ed, color \u201cSalm\u00f3n\u201d a la combinaci\u00f3n naranja con rosa\u2026 y tampoco digo que tenga que ser as\u00ed\u2026 s\u00f3lo hablo de escenarios partiendo de lo que ocurri\u00f3 en las elecciones del 2021, el n\u00famero de votos a ojo de buen cubero de los \u201cpartidos chicos\u201d y las estructuras que formaron, que ser\u00eda un desperdicio pol\u00edtico-ciudadano no trabajarlas, no empoderarlas, cuando ya hay trecho recorrido\u2026 \u00bfo qu\u00e9 ser\u00e1 lo que piensan Podemos, Redes, Unidad Ciudadana, Todos por Veracruz, PES\u2026 y en sus condiciones actuales, Fuerza por M\u00e9xico?<\/p>\n\n\n\n<p><a href=\"mailto:smcainito@gmail.com\" target=\"_blank\" rel=\"noreferrer noopener\">smcainito@gmail.com<\/a><\/p>\n","protected":false},"excerpt":{"rendered":"<p>Los Pol\u00edticos Salvador Mu\u00f1oz Hasta donde se sabe, Podemos a\u00fan est\u00e1 en la pugna legal porque se le reconozca como partido pol\u00edtico\u2026 en el caso de Redes Sociales Progresistas, se recuerda que estuvo a un pelo de alcanzar el deseado 3% que marca la Ley para salvar el registro; Unidad Ciudadana anda por ah\u00ed sin [&hellip;]<\/p>\n","protected":false},"author":1,"featured_media":387,"comment_status":"open","ping_status":"open","sticky":false,"template":"","format":"standard","meta":{"_jetpack_memberships_contains_paid_content":false,"footnotes":""},"categories":[11],"tags":[],"class_list":["post-27864","post","type-post","status-publish","format-standard","has-post-thumbnail","hentry","category-opinion"],"jetpack_featured_media_url":"https:\/\/encuentroinformativo.com.mx\/wp-content\/uploads\/2020\/03\/7CF8A22B-2764-47BE-8F7F-38FE9E5D6A2F.jpeg","jetpack_sharing_enabled":true,"jetpack_likes_enabled":true,"amp_enabled":true,"_links":{"self":[{"href":"https:\/\/encuentroinformativo.com.mx\/index.php?rest_route=\/wp\/v2\/posts\/27864","targetHints":{"allow":["GET"]}}],"collection":[{"href":"https:\/\/encuentroinformativo.com.mx\/index.php?rest_route=\/wp\/v2\/posts"}],"about":[{"href":"https:\/\/encuentroinformativo.com.mx\/index.php?rest_route=\/wp\/v2\/types\/post"}],"author":[{"embeddable":true,"href":"https:\/\/encuentroinformativo.com.mx\/index.php?rest_route=\/wp\/v2\/users\/1"}],"replies":[{"embeddable":true,"href":"https:\/\/encuentroinformativo.com.mx\/index.php?rest_route=%2Fwp%2Fv2%2Fcomments&post=27864"}],"version-history":[{"count":1,"href":"https:\/\/encuentroinformativo.com.mx\/index.php?rest_route=\/wp\/v2\/posts\/27864\/revisions"}],"predecessor-version":[{"id":27865,"href":"https:\/\/encuentroinformativo.com.mx\/index.php?rest_route=\/wp\/v2\/posts\/27864\/revisions\/27865"}],"wp:featuredmedia":[{"embeddable":true,"href":"https:\/\/encuentroinformativo.com.mx\/index.php?rest_route=\/wp\/v2\/media\/387"}],"wp:attachment":[{"href":"https:\/\/encuentroinformativo.com.mx\/index.php?rest_route=%2Fwp%2Fv2%2Fmedia&parent=27864"}],"wp:term":[{"taxonomy":"category","embeddable":true,"href":"https:\/\/encuentroinformativo.com.mx\/index.php?rest_route=%2Fwp%2Fv2%2Fcategories&post=27864"},{"taxonomy":"post_tag","embeddable":true,"href":"https:\/\/encuentroinformativo.com.mx\/index.php?rest_route=%2Fwp%2Fv2%2Ftags&post=27864"}],"curies":[{"name":"wp","href":"https:\/\/api.w.org\/{rel}","templated":true}]}}