{"id":27869,"date":"2022-05-30T11:06:12","date_gmt":"2022-05-30T16:06:12","guid":{"rendered":"https:\/\/encuentroinformativo.com.mx\/?p=27869"},"modified":"2022-05-30T11:06:15","modified_gmt":"2022-05-30T16:06:15","slug":"adquiriran-tractores-para-campesinos-de-medellin","status":"publish","type":"post","link":"https:\/\/encuentroinformativo.com.mx\/?p=27869","title":{"rendered":"Adquirir\u00e1n tractores para campesinos de Medell\u00edn"},"content":{"rendered":"\n<p><strong>Alejandro \u00c1vila<\/strong><\/p>\n\n\n\n<p>Medell\u00edn de Bravo, Ver.- El Ayuntamiento de Medell\u00edn de Bravo anunci\u00f3 la compra de dos tractores que ser\u00e1n prestados gratuitamente a los campesinos para el desarrollo agropecuario; en total, durante los siguientes a\u00f1os se lograr\u00e1n adquirir 6.<\/p>\n\n\n\n<p>Durante los festejos por el 89 aniversario de la Confederaci\u00f3n Campesina Mexicana A.C. se inform\u00f3 que, por orden del alcalde Marcos Isle\u00f1o Andrade, se hizo efectiva la compra de los dos tractores e implementos agr\u00edcolas, para impulsar la productividad agropecuaria en el municipio.<\/p>\n\n\n\n<p>Lo anterior fue manifestado por la S\u00edndica del ayuntamiento medellinense, Mar\u00eda Concepci\u00f3n Cruz Santos, quien junto con el director de Desarrollo Rural Sustentable, V\u00edctor Rodr\u00edguez, representaron al alcalde en la ceremonia realizada con motivo del 89 aniversario de la Confederaci\u00f3n Campesina Mexicana, AC, cuyos festejos se llevaron a cabo en el sal\u00f3n social de El Tejar.<\/p>\n\n\n\n<p>La s\u00edndica explic\u00f3 que antes de que culmine el pr\u00f3ximo mes de junio ser\u00e1n entregados al ayuntamiento dos tractores, cuyo proceso de licitaci\u00f3n para la compra se desarroll\u00f3 con apego a la normatividad que establece la ley respectiva.<\/p>\n\n\n\n<p>En total, dijo, ser\u00e1n seis tractores que se adquirir\u00e1n -dos por a\u00f1o- para incentivar la producci\u00f3n agropecuaria, principalmente con los peque\u00f1os propietarios.<\/p>\n\n\n\n<p>Explic\u00f3 que -previa solicitud- el ayuntamiento dotar\u00e1 de forma gratuita la maquinaria con sus implementos agr\u00edcolas y operador, correspondiendo al productor la aportaci\u00f3n del combustible que se consuma.<\/p>\n\n\n\n<p>\u201cSon los peque\u00f1os propietarios quienes sufren cada a\u00f1o al no contar con maquinaria para la siembra de sus productos. Es por ello que el alcalde Marcos Isle\u00f1o dispuso la compra de dicha maquinaria para ayudar a los campesinos de Medell\u00edn a producir la tierra\u201d, explic\u00f3 finalmente la edil.<\/p>\n","protected":false},"excerpt":{"rendered":"<p>Alejandro \u00c1vila Medell\u00edn de Bravo, Ver.- El Ayuntamiento de Medell\u00edn de Bravo anunci\u00f3 la compra de dos tractores que ser\u00e1n prestados gratuitamente a los campesinos para el desarrollo agropecuario; en total, durante los siguientes a\u00f1os se lograr\u00e1n adquirir 6. Durante los festejos por el 89 aniversario de la Confederaci\u00f3n Campesina Mexicana A.C. se inform\u00f3 que, [&hellip;]<\/p>\n","protected":false},"author":1,"featured_media":27870,"comment_status":"open","ping_status":"open","sticky":false,"template":"","format":"standard","meta":{"_jetpack_memberships_contains_paid_content":false,"footnotes":""},"categories":[2],"tags":[],"class_list":["post-27869","post","type-post","status-publish","format-standard","has-post-thumbnail","hentry","category-estado"],"jetpack_featured_media_url":"https:\/\/encuentroinformativo.com.mx\/wp-content\/uploads\/2022\/05\/C430ED74-A658-4246-B012-4A000AAC0413.jpeg","jetpack_sharing_enabled":true,"jetpack_likes_enabled":true,"amp_enabled":true,"_links":{"self":[{"href":"https:\/\/encuentroinformativo.com.mx\/index.php?rest_route=\/wp\/v2\/posts\/27869","targetHints":{"allow":["GET"]}}],"collection":[{"href":"https:\/\/encuentroinformativo.com.mx\/index.php?rest_route=\/wp\/v2\/posts"}],"about":[{"href":"https:\/\/encuentroinformativo.com.mx\/index.php?rest_route=\/wp\/v2\/types\/post"}],"author":[{"embeddable":true,"href":"https:\/\/encuentroinformativo.com.mx\/index.php?rest_route=\/wp\/v2\/users\/1"}],"replies":[{"embeddable":true,"href":"https:\/\/encuentroinformativo.com.mx\/index.php?rest_route=%2Fwp%2Fv2%2Fcomments&post=27869"}],"version-history":[{"count":1,"href":"https:\/\/encuentroinformativo.com.mx\/index.php?rest_route=\/wp\/v2\/posts\/27869\/revisions"}],"predecessor-version":[{"id":27871,"href":"https:\/\/encuentroinformativo.com.mx\/index.php?rest_route=\/wp\/v2\/posts\/27869\/revisions\/27871"}],"wp:featuredmedia":[{"embeddable":true,"href":"https:\/\/encuentroinformativo.com.mx\/index.php?rest_route=\/wp\/v2\/media\/27870"}],"wp:attachment":[{"href":"https:\/\/encuentroinformativo.com.mx\/index.php?rest_route=%2Fwp%2Fv2%2Fmedia&parent=27869"}],"wp:term":[{"taxonomy":"category","embeddable":true,"href":"https:\/\/encuentroinformativo.com.mx\/index.php?rest_route=%2Fwp%2Fv2%2Fcategories&post=27869"},{"taxonomy":"post_tag","embeddable":true,"href":"https:\/\/encuentroinformativo.com.mx\/index.php?rest_route=%2Fwp%2Fv2%2Ftags&post=27869"}],"curies":[{"name":"wp","href":"https:\/\/api.w.org\/{rel}","templated":true}]}}