{"id":27882,"date":"2022-05-30T12:23:05","date_gmt":"2022-05-30T17:23:05","guid":{"rendered":"https:\/\/encuentroinformativo.com.mx\/?p=27882"},"modified":"2022-05-30T12:23:07","modified_gmt":"2022-05-30T17:23:07","slug":"mantiene-veracruz-primeros-lugares-por-feminicidios","status":"publish","type":"post","link":"https:\/\/encuentroinformativo.com.mx\/?p=27882","title":{"rendered":"Mantiene Veracruz primeros lugares por feminicidios"},"content":{"rendered":"\n<p><strong>Juan Arcos <\/strong><\/p>\n\n\n\n<p>Xalapa, Ver.- En Veracruz, hasta el mes de abril de este a\u00f1o, se registraron 2 mil 465 mujeres y ni\u00f1as desaparecidas, seg\u00fan cifras del Registro Nacional de Personas Desaparecidas y No Localizadas (RNPDNO).<\/p>\n\n\n\n<p>En el caso de los asesinatos de mujeres, ni\u00f1as y adolescentes en la entidad, de 2021 a abril del 2022 se registraron 207, de los cuales 102 casos se investigan como feminicidio, es decir, menos del 50 por ciento.<\/p>\n\n\n\n<p>Lo anterior fue dado a conocer por el Observatorio Ciudadano Nacional del Feminicidio (OCNF), una articulaci\u00f3n nacional conformada por 42 organizaciones, ubicadas en 23 estados de la Rep\u00fablica.<\/p>\n\n\n\n<p>De acuerdo con el Secretariado Ejecutivo del Sistema Nacional de Seguridad P\u00fablica (SESNSP), Veracruz prevalece en los primeros lugares respecto al n\u00famero de feminicidios a nivel nacional, pues en 2021 se ubic\u00f3 en el tercer lugar y en 2022 se mantiene en esa misma posici\u00f3n.<\/p>\n\n\n\n<p>Las organizaciones civiles indican que luego de los hechos ocurridos contra Viridiana Moreno V\u00e1squez, joven de 31 a\u00f1os desaparecida el 18 de mayo de 2022 en ciudad Cardel y cuyo cuerpo fue encontrado sin vida el 25 de mayo, se evidencia la problem\u00e1tica de desaparici\u00f3n vinculada con otros delitos como el feminicidio en el estado. Y m\u00e1s a\u00fan, la ineficacia de las autoridades estatales y municipales para combatir dichos delitos.<\/p>\n\n\n\n<p>En mayo de 2019, organizaciones locales como el Colectivo Feminista Cihuatlahtolli, A.C., Piensa, Act\u00faa y Sorprende (PAS), con el acompa\u00f1amiento del Observatorio Ciudadano Nacional del Feminicidio (OCNF) solicitaron la tercera alerta de violencia de g\u00e9nero para el estado por la problem\u00e1tica de desaparici\u00f3n de mujeres ni\u00f1as, y adolescentes sin que hasta la fecha haya sido declarada por la CONAVIM.<\/p>\n\n\n\n<p>\u201cSin embargo, el grave contexto que enfrentan las mujeres veracruzanas, obliga a que tanto las autoridades federales, estatales y municipales, realicen de manera urgente acciones que contribuyan a frenar esta ola de violencia feminicida\u201d, sostienen.<\/p>\n\n\n\n<p>En ese sentido, hicieron un llamado a las autoridades de los tres niveles de gobierno a que contribuyan verdaderamente a generar acciones que garanticen el derecho de las mujeres a una vida libre de violencia.<\/p>\n","protected":false},"excerpt":{"rendered":"<p>Juan Arcos Xalapa, Ver.- En Veracruz, hasta el mes de abril de este a\u00f1o, se registraron 2 mil 465 mujeres y ni\u00f1as desaparecidas, seg\u00fan cifras del Registro Nacional de Personas Desaparecidas y No Localizadas (RNPDNO). En el caso de los asesinatos de mujeres, ni\u00f1as y adolescentes en la entidad, de 2021 a abril del 2022 [&hellip;]<\/p>\n","protected":false},"author":1,"featured_media":27883,"comment_status":"open","ping_status":"open","sticky":false,"template":"","format":"standard","meta":{"_jetpack_memberships_contains_paid_content":false,"footnotes":""},"categories":[2],"tags":[],"class_list":["post-27882","post","type-post","status-publish","format-standard","has-post-thumbnail","hentry","category-estado"],"jetpack_featured_media_url":"https:\/\/encuentroinformativo.com.mx\/wp-content\/uploads\/2022\/05\/0F9EF025-45D3-4172-97E8-513A4FBD81F1.jpeg","jetpack_sharing_enabled":true,"jetpack_likes_enabled":true,"amp_enabled":true,"_links":{"self":[{"href":"https:\/\/encuentroinformativo.com.mx\/index.php?rest_route=\/wp\/v2\/posts\/27882","targetHints":{"allow":["GET"]}}],"collection":[{"href":"https:\/\/encuentroinformativo.com.mx\/index.php?rest_route=\/wp\/v2\/posts"}],"about":[{"href":"https:\/\/encuentroinformativo.com.mx\/index.php?rest_route=\/wp\/v2\/types\/post"}],"author":[{"embeddable":true,"href":"https:\/\/encuentroinformativo.com.mx\/index.php?rest_route=\/wp\/v2\/users\/1"}],"replies":[{"embeddable":true,"href":"https:\/\/encuentroinformativo.com.mx\/index.php?rest_route=%2Fwp%2Fv2%2Fcomments&post=27882"}],"version-history":[{"count":1,"href":"https:\/\/encuentroinformativo.com.mx\/index.php?rest_route=\/wp\/v2\/posts\/27882\/revisions"}],"predecessor-version":[{"id":27884,"href":"https:\/\/encuentroinformativo.com.mx\/index.php?rest_route=\/wp\/v2\/posts\/27882\/revisions\/27884"}],"wp:featuredmedia":[{"embeddable":true,"href":"https:\/\/encuentroinformativo.com.mx\/index.php?rest_route=\/wp\/v2\/media\/27883"}],"wp:attachment":[{"href":"https:\/\/encuentroinformativo.com.mx\/index.php?rest_route=%2Fwp%2Fv2%2Fmedia&parent=27882"}],"wp:term":[{"taxonomy":"category","embeddable":true,"href":"https:\/\/encuentroinformativo.com.mx\/index.php?rest_route=%2Fwp%2Fv2%2Fcategories&post=27882"},{"taxonomy":"post_tag","embeddable":true,"href":"https:\/\/encuentroinformativo.com.mx\/index.php?rest_route=%2Fwp%2Fv2%2Ftags&post=27882"}],"curies":[{"name":"wp","href":"https:\/\/api.w.org\/{rel}","templated":true}]}}