{"id":2789,"date":"2020-05-25T14:07:17","date_gmt":"2020-05-25T19:07:17","guid":{"rendered":"https:\/\/encuentroinformativo.com\/?p=2789"},"modified":"2020-05-25T14:07:20","modified_gmt":"2020-05-25T19:07:20","slug":"atentado-nueva-regulacion-a-empresas-particulares-senala-federacion-de-universidades","status":"publish","type":"post","link":"https:\/\/encuentroinformativo.com.mx\/?p=2789","title":{"rendered":"\u201cAtentado\u201d nueva regulaci\u00f3n a empresas particulares, se\u00f1ala Federaci\u00f3n de  Universidades"},"content":{"rendered":"\n<p><strong>Juan Arcos <\/strong><\/p>\n\n\n\n<p>Xalapa, Ver.- El hecho de que el Estado de Puebla regule las escuelas particulares, representa un atentado contra dichas instancias educativas.<\/p>\n\n\n\n<p>As\u00ed lo consider\u00f3 Carlos Luna Escudero, presidente de la Corporaci\u00f3n de Escuelas Particulares del Estado de Veracruz, quien record\u00f3 que, el pasado 15 de mayo, el Congreso de Puebla aprob\u00f3 una nueva Ley de Educaci\u00f3n donde el gobierno asume el control de los colegios privados.<\/p>\n\n\n\n<p>\u201cPor supuesto que preocupa a todos los que nos dedicamos a la educaci\u00f3n en el sector privado. Nos parece una medida excesiva, de fuerza, que poco tiene que ver con el desarrollo de la educaci\u00f3n de calidad\u201d.<\/p>\n\n\n\n<p>A\u00f1adi\u00f3 que la nueva ley en sus cl\u00e1usulas establece que las instalaciones de escuelas particulares pasan a ser parte del sistema educativo y las colegiaturas tambi\u00e9n ser\u00edan reguladas por el gobierno.<\/p>\n\n\n\n<p>Detall\u00f3 que la Federaci\u00f3n de Universidades e Instituciones Particulares de Educaci\u00f3n Superior (FUIPES), misma que agrupa a m\u00e1s de 50 universidades privadas en Veracruz, ha tomado las previsiones necesarias mediante sus cuerpos legales para tramitar amparos en caso de que en la entidad busque replicarse dicha ley.<\/p>\n\n\n\n<p>\u201cNo lo vamos a permitir, ya nos estamos preparando para cualquier eventualidad, yo creo que es fundamental\u201d.<\/p>\n\n\n\n<p>Luna Escudero revel\u00f3 que en Baja California tambi\u00e9n iniciar\u00eda el procedimiento para que el Estado asuma el control de las escuelas privadas.<\/p>\n\n\n\n<p>\u201cEs un atentado contra todos los que hecho inversiones fuertes, nos hemos jugado nuestros recursos en un sector de la educaci\u00f3n que es fundamental\u201d.<\/p>\n\n\n\n<p>A su juicio, la educaci\u00f3n privada es \u201ccomplementaria\u201d, toda vez que las universidades p\u00fablicas carecen de capacidad para atender la demanda.<\/p>\n\n\n\n<p>S\u00f3lo en Veracruz m\u00e1s de 30 mil j\u00f3venes se quedan sin la oportunidad de estudiar, cada a\u00f1o.<\/p>\n\n\n\n<p>En ese sentido, todas las escuelas particulares del pa\u00eds est\u00e1n en comunicaci\u00f3n para presentar un frente com\u00fan ante dicho \u201catentado\u201d.<\/p>\n\n\n\n<p><\/p>\n","protected":false},"excerpt":{"rendered":"<p>Juan Arcos Xalapa, Ver.- El hecho de que el Estado de Puebla regule las escuelas particulares, representa un atentado contra dichas instancias educativas. As\u00ed lo consider\u00f3 Carlos Luna Escudero, presidente de la Corporaci\u00f3n de Escuelas Particulares del Estado de Veracruz, quien record\u00f3 que, el pasado 15 de mayo, el Congreso de Puebla aprob\u00f3 una nueva [&hellip;]<\/p>\n","protected":false},"author":1,"featured_media":2536,"comment_status":"open","ping_status":"open","sticky":false,"template":"","format":"standard","meta":{"_jetpack_memberships_contains_paid_content":false,"footnotes":""},"categories":[2],"tags":[],"class_list":["post-2789","post","type-post","status-publish","format-standard","has-post-thumbnail","hentry","category-estado"],"jetpack_featured_media_url":"https:\/\/encuentroinformativo.com.mx\/wp-content\/uploads\/2020\/05\/8F80AF2C-FA5E-41CA-BEF4-02CF21DCB71E.jpeg","jetpack_sharing_enabled":true,"jetpack_likes_enabled":true,"amp_enabled":true,"_links":{"self":[{"href":"https:\/\/encuentroinformativo.com.mx\/index.php?rest_route=\/wp\/v2\/posts\/2789","targetHints":{"allow":["GET"]}}],"collection":[{"href":"https:\/\/encuentroinformativo.com.mx\/index.php?rest_route=\/wp\/v2\/posts"}],"about":[{"href":"https:\/\/encuentroinformativo.com.mx\/index.php?rest_route=\/wp\/v2\/types\/post"}],"author":[{"embeddable":true,"href":"https:\/\/encuentroinformativo.com.mx\/index.php?rest_route=\/wp\/v2\/users\/1"}],"replies":[{"embeddable":true,"href":"https:\/\/encuentroinformativo.com.mx\/index.php?rest_route=%2Fwp%2Fv2%2Fcomments&post=2789"}],"version-history":[{"count":1,"href":"https:\/\/encuentroinformativo.com.mx\/index.php?rest_route=\/wp\/v2\/posts\/2789\/revisions"}],"predecessor-version":[{"id":2790,"href":"https:\/\/encuentroinformativo.com.mx\/index.php?rest_route=\/wp\/v2\/posts\/2789\/revisions\/2790"}],"wp:featuredmedia":[{"embeddable":true,"href":"https:\/\/encuentroinformativo.com.mx\/index.php?rest_route=\/wp\/v2\/media\/2536"}],"wp:attachment":[{"href":"https:\/\/encuentroinformativo.com.mx\/index.php?rest_route=%2Fwp%2Fv2%2Fmedia&parent=2789"}],"wp:term":[{"taxonomy":"category","embeddable":true,"href":"https:\/\/encuentroinformativo.com.mx\/index.php?rest_route=%2Fwp%2Fv2%2Fcategories&post=2789"},{"taxonomy":"post_tag","embeddable":true,"href":"https:\/\/encuentroinformativo.com.mx\/index.php?rest_route=%2Fwp%2Fv2%2Ftags&post=2789"}],"curies":[{"name":"wp","href":"https:\/\/api.w.org\/{rel}","templated":true}]}}