{"id":27904,"date":"2022-05-30T17:13:51","date_gmt":"2022-05-30T22:13:51","guid":{"rendered":"https:\/\/encuentroinformativo.com.mx\/?p=27904"},"modified":"2022-05-30T17:13:55","modified_gmt":"2022-05-30T22:13:55","slug":"destinaran-400-mdp-en-acciones-de-obra-publica","status":"publish","type":"post","link":"https:\/\/encuentroinformativo.com.mx\/?p=27904","title":{"rendered":"Destinar\u00e1n 400 mdp en acciones de obra p\u00fablica"},"content":{"rendered":"\n<p><strong>Juan Arcos<\/strong><\/p>\n\n\n\n<p>Xalapa, Ver.- M\u00e1s de 400 millones de pesos ser\u00e1n invertidos en cerca de 200 acciones en materia de obra p\u00fablica en la ciudad de Xalapa, durante lo que resta de este a\u00f1o 2022.<\/p>\n\n\n\n<p>En conferencia de prensa, realizada en la Sala Expresidentes del Palacio Municipal, el alcalde Ricardo Ahued Bardahuil se contemplan trabajos para la pavimentaci\u00f3n de calles, construcci\u00f3n de colectores pluviales, instalaci\u00f3n de alumbrado p\u00fablico, drenaje sanitario y el mejoramiento de la imagen urbana, por mencionar algunos.<\/p>\n\n\n\n<p>En ese sentido, anunci\u00f3 que el pr\u00f3ximo mi\u00e9rcoles 01 de junio, iniciar\u00e1 la reconstrucci\u00f3n de la calle Francisco Javier Clavijero, en el Centro Hist\u00f3rico de la ciudad, con trabajos hidr\u00e1ulicos y sanitarios, para posteriormente realizar la remodelaci\u00f3n total de la pavimentaci\u00f3n.<\/p>\n\n\n\n<p>Ser\u00e1n rehabilitadas dos cuadras que comprenden de la calle Juan de la Luz Enr\u00edquez hasta Altamirano, una longitud de 350 metros lineales con 2 mil 570 metros cuadrados de pavimento.<\/p>\n\n\n\n<p>\u201cSer\u00e1 concreto estampado, similar a lo que existe en Enr\u00edquez, igualmente se har\u00e1n algunos acabados con concreto que tiene marmolina y que tendr\u00e1 un acabado grabado para que sea antiderrapante. Lo que corresponde a las banquetas conforme a la nueva norma, con la finalidad de darle prioridad al peat\u00f3n y generando unas bah\u00edas de estacionamiento temporal para que bajen los usuarios de los comercios de la zona\u201d, enfatiz\u00f3 el director de Obras P\u00fablicas, Guillermo \u00c1vila.<\/p>\n\n\n\n<p>Tambi\u00e9n sobre las aceras ser\u00e1n plantados \u00e1rboles, con la finalidad para hacer la imagen m\u00e1s \u201camable\u201d e integrarla como parte del Centro Hist\u00f3rico de la capital de Veracruz.<\/p>\n\n\n\n<p>La calle Clavijero ten\u00eda m\u00e1s de 25 o 30 a\u00f1os de existencia, sin ninguna intervenci\u00f3n para su rehabilitaci\u00f3n; solo para sustituir alguna parte de tuber\u00eda que estaba da\u00f1ada.\u00a0Por su parte, el Presidente Municipal indic\u00f3 que el paquete de obras podr\u00e1 realizarse con recursos federales, estatales y municipales, en beneficio de la poblaci\u00f3n en las zonas norte, centro y sur, as\u00ed como de las congregaciones El Castillo, Chiltoyac y Seis de Enero.<\/p>\n\n\n\n<p>Las autoridades municipales refirieron que se invit\u00f3 a empresas locales que est\u00e1n inscritas en el padr\u00f3n a este programa de obras para Xalapa.<\/p>\n\n\n\n<p>La obra en la calle Clavijero durar\u00e1 cinco meses, es decir, hasta septiembre pr\u00f3ximo, por lo que se activ\u00f3 un plan de rutas alternas, con el objetivo de evitar problemas viales en la zona.<\/p>\n\n\n\n<p>\u201cLa primera alternativa es a partir de Sayago, pueden dar vuelta a la izquierda y si su destino es el centro pueden bajar por la calle Lucio hasta Enr\u00edquez. De igual forma pueden seguir sobre Clavijero a la calle de Victoria y pueden llegar a la zona de Los Tecajetes. El transporte p\u00fablico lo har\u00e1 por Sayago y Lucio\u201d, se\u00f1alaron.<\/p>\n\n\n\n<p>La Cruz Roja, cuya base se encuentra sobre la parte de la calle Clavijero que ser\u00e1 intervenida, tendr\u00e1 un carril habilitado para no entorpecer la entrada y salida de ambulancias.<\/p>\n\n\n\n<figure class=\"wp-block-image size-large\"><img loading=\"lazy\" decoding=\"async\" width=\"1024\" height=\"683\" src=\"https:\/\/encuentroinformativo.com.mx\/wp-content\/uploads\/2022\/05\/9CD8E6B8-120E-49AF-8F49-43EEFD67BA5D-1024x683.jpeg\" alt=\"\" class=\"wp-image-27906\" srcset=\"https:\/\/encuentroinformativo.com.mx\/wp-content\/uploads\/2022\/05\/9CD8E6B8-120E-49AF-8F49-43EEFD67BA5D-1024x683.jpeg 1024w, https:\/\/encuentroinformativo.com.mx\/wp-content\/uploads\/2022\/05\/9CD8E6B8-120E-49AF-8F49-43EEFD67BA5D-300x200.jpeg 300w, https:\/\/encuentroinformativo.com.mx\/wp-content\/uploads\/2022\/05\/9CD8E6B8-120E-49AF-8F49-43EEFD67BA5D-768x512.jpeg 768w, https:\/\/encuentroinformativo.com.mx\/wp-content\/uploads\/2022\/05\/9CD8E6B8-120E-49AF-8F49-43EEFD67BA5D.jpeg 1488w\" sizes=\"auto, (max-width: 1024px) 100vw, 1024px\" \/><\/figure>\n","protected":false},"excerpt":{"rendered":"<p>Juan Arcos Xalapa, Ver.- M\u00e1s de 400 millones de pesos ser\u00e1n invertidos en cerca de 200 acciones en materia de obra p\u00fablica en la ciudad de Xalapa, durante lo que resta de este a\u00f1o 2022. En conferencia de prensa, realizada en la Sala Expresidentes del Palacio Municipal, el alcalde Ricardo Ahued Bardahuil se contemplan trabajos [&hellip;]<\/p>\n","protected":false},"author":1,"featured_media":27905,"comment_status":"open","ping_status":"open","sticky":false,"template":"","format":"standard","meta":{"_jetpack_memberships_contains_paid_content":false,"footnotes":""},"categories":[3],"tags":[],"class_list":["post-27904","post","type-post","status-publish","format-standard","has-post-thumbnail","hentry","category-xalapa"],"jetpack_featured_media_url":"https:\/\/encuentroinformativo.com.mx\/wp-content\/uploads\/2022\/05\/AFB1767F-CD33-4AD7-80B4-1D8BBC987D14.jpeg","jetpack_sharing_enabled":true,"jetpack_likes_enabled":true,"amp_enabled":true,"_links":{"self":[{"href":"https:\/\/encuentroinformativo.com.mx\/index.php?rest_route=\/wp\/v2\/posts\/27904","targetHints":{"allow":["GET"]}}],"collection":[{"href":"https:\/\/encuentroinformativo.com.mx\/index.php?rest_route=\/wp\/v2\/posts"}],"about":[{"href":"https:\/\/encuentroinformativo.com.mx\/index.php?rest_route=\/wp\/v2\/types\/post"}],"author":[{"embeddable":true,"href":"https:\/\/encuentroinformativo.com.mx\/index.php?rest_route=\/wp\/v2\/users\/1"}],"replies":[{"embeddable":true,"href":"https:\/\/encuentroinformativo.com.mx\/index.php?rest_route=%2Fwp%2Fv2%2Fcomments&post=27904"}],"version-history":[{"count":1,"href":"https:\/\/encuentroinformativo.com.mx\/index.php?rest_route=\/wp\/v2\/posts\/27904\/revisions"}],"predecessor-version":[{"id":27907,"href":"https:\/\/encuentroinformativo.com.mx\/index.php?rest_route=\/wp\/v2\/posts\/27904\/revisions\/27907"}],"wp:featuredmedia":[{"embeddable":true,"href":"https:\/\/encuentroinformativo.com.mx\/index.php?rest_route=\/wp\/v2\/media\/27905"}],"wp:attachment":[{"href":"https:\/\/encuentroinformativo.com.mx\/index.php?rest_route=%2Fwp%2Fv2%2Fmedia&parent=27904"}],"wp:term":[{"taxonomy":"category","embeddable":true,"href":"https:\/\/encuentroinformativo.com.mx\/index.php?rest_route=%2Fwp%2Fv2%2Fcategories&post=27904"},{"taxonomy":"post_tag","embeddable":true,"href":"https:\/\/encuentroinformativo.com.mx\/index.php?rest_route=%2Fwp%2Fv2%2Ftags&post=27904"}],"curies":[{"name":"wp","href":"https:\/\/api.w.org\/{rel}","templated":true}]}}