{"id":27912,"date":"2022-05-31T09:16:39","date_gmt":"2022-05-31T14:16:39","guid":{"rendered":"https:\/\/encuentroinformativo.com.mx\/?p=27912"},"modified":"2022-05-31T09:16:42","modified_gmt":"2022-05-31T14:16:42","slug":"la-carrera-de-bingen","status":"publish","type":"post","link":"https:\/\/encuentroinformativo.com.mx\/?p=27912","title":{"rendered":"\u00a1La carrera de Bingen!"},"content":{"rendered":"\n<p><strong>Los Pol\u00edticos<\/strong><\/p>\n\n\n\n<p><strong>Salvador Mu\u00f1oz<\/strong><\/p>\n\n\n\n<p>Ha sido llevado al esc\u00e1ndalo pol\u00edtico, al menos en Veracruz, la presencia del diputado plurinominal Bingen Rementer\u00eda Molina, en el Grand Prix de M\u00f3naco donde el mexicano Checo P\u00e9rez cruz\u00f3 la de cuadros en Primer Lugar.<\/p>\n\n\n\n<p>Es evidente que recursos tiene el legislador para irse a una de las carreras m\u00e1s antiguas y prestigiosas de la F\u00f3rmula 1 y quiz\u00e1s por su condici\u00f3n de Pluri no crea que haya un compromiso con el veracruzano y no s\u00f3lo con el que comprende el Puerto jarocho, sino con todos los de la entidad, digo, si hay amplitud en su esp\u00edritu de servicio\u2026 as\u00ed, con esa l\u00f3gica, uno entiende que tranquilamente agarre su pasaporte y pum! se vaya a sentir el \u00faltimo domingo de mayo, el rugir de los motores en M\u00f3naco.<\/p>\n\n\n\n<p>Desconozco si en funci\u00f3n de ser un Diputado por obra y gracia del partido, Federico Salom\u00f3n le pida cuentas. Digo: al final, no s\u00f3lo se critica a Bingen, sino igual se le vincula con el PAN y la mayor\u00eda de las cr\u00edticas son negativas porque consideran que su viaje al Grand Prix puesto en la balanza con su trabajo legislativo, nom\u00e1s no hay equilibrio\u2026<\/p>\n\n\n\n<p>Ahora, siendo condescendiente con Bingen, veamos el lado positivo de su rol all\u00e1 en el Grand Prix:<\/p>\n\n\n\n<p>a.- A lo mejor est\u00e1 viendo con Calder\u00f3n y Checo que si hay un Grand Prix en M\u00f3naco, por qu\u00e9 no un Grand PANx para Veracruz\u2026<\/p>\n\n\n\n<p>b.- O quiz\u00e1s fue a \u201crobarle golpes\u201d a Checo para aprender a ganar carreras\u2026<\/p>\n\n\n\n<p>c.- O como vio que M\u00f3naco es un Principado, dijo: \u201c\u00a1De aqu\u00ed es El Princeso!\u201d<\/p>\n\n\n\n<p>d.- A lo mejor le presumi\u00f3 a Checo que all\u00e1 en el Puerto, tienen un Ferrari negro\u2026 \u00a1ah, pero es del PRI!<\/p>\n\n\n\n<p>e.- Quiz\u00e1s se sinti\u00f3 Prostituto en M\u00f3naco\u2026 \u00a1esp\u00e9rense! Es decir, fan de Alain Prost, ganador por cuatro ocasiones del Grand Prix\u2026<\/p>\n\n\n\n<p>f.- Y se tiene que aclarar porque en una de \u00e9sas, Bingen me dice, \u201cProstituto, tu Schumacher!\u201d, que es el otro ganador pero por 5 ocasiones de este premio automovil\u00edstico.<\/p>\n\n\n\n<p>g.- Aunque realmente se parece m\u00e1s a Niki Lauda, que est\u00e1 entre los que triunfaron en M\u00f3naco por dos ocasiones, como \u00e9l, quien ha ganado dos veces la curul.<\/p>\n\n\n\n<p>h.- Uno no quiere que as\u00ed como el Gobierno federal confundi\u00f3 a Checo P\u00e9rez con Verstappen, Bingen no confunda a Verstappen con el Medestappen\u2026<\/p>\n\n\n\n<p>i.- Por cierto, si Checo P\u00e9rez es tapat\u00edo\u2026 \u00bfBingen Rementer\u00eda pretende ser el tapa-dito de su partido al 2025?<\/p>\n\n\n\n<p>j.- O en una de \u00e9sas, como a Checo P\u00e9rez le dicen \u201cel Viejo Sabroso\u201d, Bingen dijo: \u201cVoy a ver qu\u00e9 tiene \u00e9l que no tenga yo!\u201d<\/p>\n\n\n\n<p>k.- \u00bfEstar\u00e1 pensando Bingen en hacer la versi\u00f3n de \u201cR\u00e1pido y Jarocho\u201d o \u201cR\u00e1pido y Jarioso\u201d?<\/p>\n\n\n\n<p>l.- Checo P\u00e9rez es F\u00f3rmula 1; Bingen, F\u00f3rmula Nan<\/p>\n\n\n\n<p>m.- Con su escapada a M\u00f3naco y su criticado \u201ctrabajo legislativo\u201d, \u00bfser\u00e1 que rebas\u00f3 por la izquierda a su partido?<\/p>\n\n\n\n<p>n.- La escuder\u00eda de Checo P\u00e9rez es Red Bull pero es casi imposible que la escuder\u00eda en el Puerto de Bingen sea Blue Demon\u2026<\/p>\n\n\n\n<p>o.- O finalmente, con eso de que Bingen Rementer\u00eda anda medio despistado en Veracruz Puerto, en el Partido as\u00ed como en su grupo legislativo, opt\u00f3 por ir a ver a Checo P\u00e9rez, quien s\u00ed sabe andar en las pistas\u2026<\/p>\n\n\n\n<p><a href=\"mailto:smcainito@gmail.com\" target=\"_blank\" rel=\"noreferrer noopener\">smcainito@gmail.com<\/a><\/p>\n","protected":false},"excerpt":{"rendered":"<p>Los Pol\u00edticos Salvador Mu\u00f1oz Ha sido llevado al esc\u00e1ndalo pol\u00edtico, al menos en Veracruz, la presencia del diputado plurinominal Bingen Rementer\u00eda Molina, en el Grand Prix de M\u00f3naco donde el mexicano Checo P\u00e9rez cruz\u00f3 la de cuadros en Primer Lugar. Es evidente que recursos tiene el legislador para irse a una de las carreras m\u00e1s [&hellip;]<\/p>\n","protected":false},"author":1,"featured_media":387,"comment_status":"open","ping_status":"open","sticky":false,"template":"","format":"standard","meta":{"_jetpack_memberships_contains_paid_content":false,"footnotes":""},"categories":[11],"tags":[],"class_list":["post-27912","post","type-post","status-publish","format-standard","has-post-thumbnail","hentry","category-opinion"],"jetpack_featured_media_url":"https:\/\/encuentroinformativo.com.mx\/wp-content\/uploads\/2020\/03\/7CF8A22B-2764-47BE-8F7F-38FE9E5D6A2F.jpeg","jetpack_sharing_enabled":true,"jetpack_likes_enabled":true,"amp_enabled":true,"_links":{"self":[{"href":"https:\/\/encuentroinformativo.com.mx\/index.php?rest_route=\/wp\/v2\/posts\/27912","targetHints":{"allow":["GET"]}}],"collection":[{"href":"https:\/\/encuentroinformativo.com.mx\/index.php?rest_route=\/wp\/v2\/posts"}],"about":[{"href":"https:\/\/encuentroinformativo.com.mx\/index.php?rest_route=\/wp\/v2\/types\/post"}],"author":[{"embeddable":true,"href":"https:\/\/encuentroinformativo.com.mx\/index.php?rest_route=\/wp\/v2\/users\/1"}],"replies":[{"embeddable":true,"href":"https:\/\/encuentroinformativo.com.mx\/index.php?rest_route=%2Fwp%2Fv2%2Fcomments&post=27912"}],"version-history":[{"count":1,"href":"https:\/\/encuentroinformativo.com.mx\/index.php?rest_route=\/wp\/v2\/posts\/27912\/revisions"}],"predecessor-version":[{"id":27913,"href":"https:\/\/encuentroinformativo.com.mx\/index.php?rest_route=\/wp\/v2\/posts\/27912\/revisions\/27913"}],"wp:featuredmedia":[{"embeddable":true,"href":"https:\/\/encuentroinformativo.com.mx\/index.php?rest_route=\/wp\/v2\/media\/387"}],"wp:attachment":[{"href":"https:\/\/encuentroinformativo.com.mx\/index.php?rest_route=%2Fwp%2Fv2%2Fmedia&parent=27912"}],"wp:term":[{"taxonomy":"category","embeddable":true,"href":"https:\/\/encuentroinformativo.com.mx\/index.php?rest_route=%2Fwp%2Fv2%2Fcategories&post=27912"},{"taxonomy":"post_tag","embeddable":true,"href":"https:\/\/encuentroinformativo.com.mx\/index.php?rest_route=%2Fwp%2Fv2%2Ftags&post=27912"}],"curies":[{"name":"wp","href":"https:\/\/api.w.org\/{rel}","templated":true}]}}