{"id":27914,"date":"2022-05-31T09:32:37","date_gmt":"2022-05-31T14:32:37","guid":{"rendered":"https:\/\/encuentroinformativo.com.mx\/?p=27914"},"modified":"2022-05-31T09:32:41","modified_gmt":"2022-05-31T14:32:41","slug":"los-motorepartidores-y-las-protestas","status":"publish","type":"post","link":"https:\/\/encuentroinformativo.com.mx\/?p=27914","title":{"rendered":"LOS MOTOREPARTIDORES Y LAS PROTESTAS"},"content":{"rendered":"\n<p><strong>ColumnaSinNombre<br>@pablojair<\/strong><\/p>\n\n\n\n<ul class=\"wp-block-list\"><li>Llegan AMLO y \u00c1gatha a Veracruz casi al mismo tiempo.<\/li><li>Hospital de Pemex en Coatza, en desuso desde hace 10 a\u00f1os.<\/li><li>Capacita SICT a constructores en licitaciones.<\/li><\/ul>\n\n\n\n<p>As\u00ed como en M\u00f3naco, Bingen tambi\u00e9n brilla en el Congreso\u2026 pero por su ausencia<br>\u2014Chopenjawer<\/p>\n\n\n\n<p>Durante la \u00e9poca de Javier Duarte como gobernador, en varias ocasiones se vio a grupos de j\u00f3venes que cerraban accesos de Xalapa de manera coordinada. En alguna ocasi\u00f3n, hasta llegaron a tomar algunas ciudades al mismo tiempo.<\/p>\n\n\n\n<p>Eran protestas curiosas disque contra la inseguridad, pero principalmente para quejarse de abusos de cuerpos policiacos, militares y navales.<\/p>\n\n\n\n<p>En el fondo, todo mundo sab\u00eda que esas movilizaciones las patrocinaba el narco colocando a su base social para despotricar contra quienes hac\u00edan operativos de detenci\u00f3n contra sus distribuidores, sicarios, consumidores, etc.<\/p>\n\n\n\n<p>Las \u201cprotestas\u201d eran simplemente para mostrar el m\u00fasculo de lo que pod\u00eda hacer la delincuencia organizada tomando la capital de Veracruz u otras ciudades grandes. Un reto a la autoridad en abierto.<\/p>\n\n\n\n<p>Al gobierno de ese entonces le faltaron los tanates para desalojar lo que convert\u00eda a Xalapa en un caos vial infernal, algo que fue muy caracter\u00edstico del sexenio duartista: que un grupo peque\u00f1o de mequetrefes \u201cmanifestantes\u201d pod\u00eda cerrar por horas calles o avenidas importantes de la capital veracruzana s\u00f3lo para pedir dinero o prebendas del poder. Seg\u00fan no se quer\u00eda emplear la violencia, pero s\u00ed la usaron cuando protestaron derechohabientes del Instituto de Pensiones del Estado, lo que fue todo un esc\u00e1ndalo nacional.<\/p>\n\n\n\n<p>Cuando termin\u00f3 una de esas protestas, ac\u00e1 en la salida de Xalapa rumbo a Coatepec (donde est\u00e1 el vel\u00f3dromo) se vio al grupo de j\u00f3venes simplemente caminar hacia rumbos de la colonia Zapata. No se subieron a ning\u00fan cami\u00f3n ni tampoco se acercaron a ninguna camioneta para que los llevara a donde viv\u00edan. Simplemente caminaron y se dispersaron por la colonia, por lo que hac\u00eda suponer que eran vecinos de esa zona.<\/p>\n\n\n\n<p>Lo anterior llama la atenci\u00f3n porque se ataj\u00f3 recientemente una situaci\u00f3n que parec\u00eda tener las mismas caracter\u00edsticas.<\/p>\n\n\n\n<p>Con el tema de la pandemia, un servicio que floreci\u00f3 y creci\u00f3 con gran auge fue precisamente el de los repartidores de alimentos o que hacen \u201cmandaditos\u201d; el mismo gobernador Cuitl\u00e1huac Garc\u00eda Jim\u00e9nez reconoci\u00f3 que este gremio est\u00e1 ayudando mucho a la reactivaci\u00f3n econ\u00f3mica de sectores como el restaurantero, tan golpeado por el aislamiento del Covid.<\/p>\n\n\n\n<p>Resulta que hace poco hubo una protesta en varios puntos de Xalapa de motociclistas repartidores, quienes se quejaron de abusos policiacos cometidos presuntamente por elementos de la Polic\u00eda Estatal. La primera tuvo qu\u00e9 ver con la pifia grav\u00edsima de la Coordinaci\u00f3n Nacional Antisecuestro y la Fiscal\u00eda General del Estado (que nunca dio disculpa p\u00fablica) al haber detenido a uno de estos motociclistas y lo acusaban de ser el asesino material de las dos periodistas ejecutadas en Cosoleacaque. Hasta ah\u00ed todo bien, pues la protesta de los motorepartidores ayud\u00f3 mucho a presionar a las autoridades para que se le devolviera a sus padres el joven detenido por error.<\/p>\n\n\n\n<p>Recientes manifestaciones en la capital del estado han llegado a ri\u00f1as entre los motorepartidores y elementos de Polic\u00eda o Tr\u00e1nsito; y a eso se suman operativos policiacos donde se localizaron varias motos con reporte de robo o ten\u00edan irregularidades. El 27 de mayo, por ejemplo, la Secretar\u00eda de Seguridad P\u00fablica inform\u00f3 del aseguramiento de 480 motocicletas de enero a la fecha: 27 con reporte de robo, 82 por falta de documentaci\u00f3n, 343 por faltas administrativas, mientras que 28 por su uso en hechos constitutivos de un delito.<\/p>\n\n\n\n<p>O sea, en 150 d\u00edas detuvieron un promedio de 3 motos diarias, seg\u00fan SSP, cifra que parece muy poquito cuando a veces se ven las gr\u00faas cargadas con varias de estas unidades. Ya se sabr\u00e1 si realmente todas esas ingresan a sistema o pasan al sistema antiguo de la corrupci\u00f3n.<\/p>\n\n\n\n<p>Pero Garc\u00eda Jim\u00e9nez abund\u00f3 m\u00e1s sobre el tema: \u201ctenemos que proteger esta actividad comercial que es buena, leg\u00edtima, importante y alentadora en momentos complicados\u201d. Se\u00f1al\u00f3 que no se permiten los abusos y hay instrucciones de que act\u00fae de inmediato el departamento de Asuntos Internos: \u201cno vamos a permitir que se les extorsione o amedrente, pero ellos tambi\u00e9n nos deben ayudar a denunciar alg\u00fan hecho delictivo\u201d.<\/p>\n\n\n\n<p>Pero tambi\u00e9n coment\u00f3 algo importante que no se debe perder de vista: capturas donde se evidencia a falsos motorepartidores que solamente son distribuidores de droga, recordando al menos dos casos: uno en junio de 2021, cuando un motorepartidor presuntamente perteneciente a la cadena Uber Eats fue detenido transportando al menos 10 bolsas con marihuana.<\/p>\n\n\n\n<p>\u201cNos vemos obligados a hacer las revisiones para que no invadan la labor que est\u00e1 haciendo mucha gente en estas plataformas\u201d, dijo el mandatario.<\/p>\n\n\n\n<p>Sobre las protestas, Garc\u00eda Jim\u00e9nez se\u00f1al\u00f3 que las \u00faltimas han sido de grupos menores, de no todo el gremio, pero que adem\u00e1s est\u00e1n en una posici\u00f3n m\u00e1s agresiva, arremetiendo incluso contra terceras personas.<\/p>\n\n\n\n<p>Y es que el narco, la delincuencia organizada, es como la humedad: se filtra por todos lados, por lo que no es dif\u00edcil suponer que est\u00e9n usando de vil fachada un servicio muy noble \u2014surgido de una pandemia que no acaba\u2014 para cometer posibles actos il\u00edcitos. Tampoco se duda que haya polic\u00edas gandallas \u2014siempre los va a haber\u2014 con ganas de simplemente joder.<\/p>\n\n\n\n<p>Creo que son mucho m\u00e1s los buenos que realmente salen a rolar a las calles, a arriesgar el pellejo, para ganarse el pan de cada d\u00eda: un repartidor me cont\u00f3 hace poco que en un ratito \u2014en un muy buen d\u00eda\u2014 realiza varios viajes en pocas horas, empezando desde muy temprano y terminando muy tarde. De esos pesos que gana por \u201cmandado\u201d tiene que pagar gasolina, refacciones; si sufre un accidente, pierde d\u00edas, pierde dinero y lo ahorrado se destina a curaciones. La mayor\u00eda es para sostener a la familia.<\/p>\n\n\n\n<p>Al parecer las nuevas protestas no est\u00e1n teniendo el mismo eco que s\u00ed tuvieron en el Duartismo. Han sido menos, pero ah\u00ed siguen\u2026 como la humedad.<\/p>\n\n\n\n<p><strong>NOTA PARA PEGAR EN EL REFRI:<\/strong> Este mi\u00e9rcoles habr\u00e1 conferencia \u201cma\u00f1anera\u201d del presidente Andr\u00e9s Manuel L\u00f3pez Obrador y de ah\u00ed encabezar\u00e1 los actos conmemorativos del D\u00eda de la Marina en Coatzacoalcos; se sabe que tambi\u00e9n tendr\u00e1 reuni\u00f3n estrat\u00e9gica por el Corredor Interoce\u00e1nico, que es la verdadera magna obra de este sexenio\u2026 Seguramente al presidente le va a tocar lluvia de los remanentes del hurac\u00e1n \u00c1gatha, que anoche a las 23 horas \u2014seg\u00fan bolet\u00edn de Protecci\u00f3n Civil\u2014 se debilit\u00f3 a Tormenta Tropical, por lo tanto, dice PC: \u201cEl Sistema de Alerta Temprana (SIAT-CT) para el estado de Veracruz se actualiza a Alerta Verde (Peligro Bajo) para el sur del estado\u201d\u2026 Lo que s\u00ed es que deber\u00eda AMLO llevar impermeable y sombrilla\u2026 \u00a1Ah!, tambi\u00e9n unas botas antideslizantes, para que no se resbale como cuando la \u201cma\u00f1anera\u201d lluviosa que le toc\u00f3 en Xalapa el 25 de agosto del a\u00f1o pasado.<\/p>\n\n\n\n<p><strong>OTRA NOTA:<\/strong> Que en comunicado de Petr\u00f3leos Mexicanos (PEMEX) para decir que son falsas las notas publicadas este lunes en los peri\u00f3dicos Reforma y El Universal, en las que se presentan supuestas faltas de insumos m\u00e9dicos y medicamentos; instalaciones \u201cchatarra\u201d sin mantenimiento; falta de dotaci\u00f3n de ropa de trabajo, calzado y equipo de protecci\u00f3n personal, resalt\u00f3 que existe un hospital de Pemex en desuso desde hace 10 a\u00f1os\u2026 El p\u00e1rrafo dice as\u00ed: \u201cDichas notas carecen de rigor period\u00edstico pues en la nota titulada \u2018Exhiben a Pemex con decadencias\u2019 del diario Reforma, se muestran fotograf\u00edas de las instalaciones del supuesto \u2018Hospital de Coatzacoalcos\u2019, pero que est\u00e1 en desuso desde hace 10 a\u00f1os, y frente a ellas est\u00e1 la cl\u00ednica de atenci\u00f3n a derechohabientes; los anaqueles sin medicinas no son actuales. Respecto a la entrega de vestuario y calzado a trabajadores, \u00e9ste inici\u00f3 desde fines de 2021 el actual proceso de dotaci\u00f3n; debido a la resistencia de algunos dirigentes sindicales para que se reciban, tuvimos retrasos en el programa de entrega que estimamos concluir en el mes de agosto\u201d.<\/p>\n\n\n\n<p><strong>LA \u00daLTIMA PORQUE MA\u00d1ANA NOS LLEVA EL JET DE LUJO CON EDECANES Y VINOS ESPA\u00d1OLES A VER A MI CABECITA DE ALGOD\u00d3N: <\/strong>Con el fin que los constructores corrijan los errores m\u00e1s frecuentes en el proceso de licitaci\u00f3n se llev\u00f3 a cabo el Foro Transparencia y Mejores Pr\u00e1cticas en Licitaciones, afirm\u00f3 el director del Centro Estatal de la SICT, ingeniero Ram\u00f3n \u00c1lvarez Font\u00e1n\u2026 El titular en el estado de Veracruz de la Secretar\u00eda de Infraestructura, Comunicaciones y Transportes, expres\u00f3 que esto es con el fin que los empresarios de la construcci\u00f3n presenten licitaciones m\u00e1s acordes ahora que son de manera electr\u00f3nica\u2026 Dijo que este Foro se llev\u00f3 a cabo en coordinaci\u00f3n con la C\u00e1mara Mexicana de la Industria de la Construcci\u00f3n (CMIC) delegaci\u00f3n Veracruz Puerto que preside el ingeniero Jorge Rafael Alard\u00edn C\u00f3rdova\u2026 Destac\u00f3 que mediante la nueva modalidad de licitaciones electr\u00f3nicas ahora se les explic\u00f3 en forma detallada a los socios de la CMIC Veracruz Puerto de c\u00f3mo deben presentar sus empresas la documentaci\u00f3n para los concursos.<\/p>\n","protected":false},"excerpt":{"rendered":"<p>ColumnaSinNombre@pablojair Llegan AMLO y \u00c1gatha a Veracruz casi al mismo tiempo. Hospital de Pemex en Coatza, en desuso desde hace 10 a\u00f1os. Capacita SICT a constructores en licitaciones. As\u00ed como en M\u00f3naco, Bingen tambi\u00e9n brilla en el Congreso\u2026 pero por su ausencia\u2014Chopenjawer Durante la \u00e9poca de Javier Duarte como gobernador, en varias ocasiones se vio [&hellip;]<\/p>\n","protected":false},"author":1,"featured_media":488,"comment_status":"open","ping_status":"open","sticky":false,"template":"","format":"standard","meta":{"_jetpack_memberships_contains_paid_content":false,"footnotes":""},"categories":[11],"tags":[],"class_list":["post-27914","post","type-post","status-publish","format-standard","has-post-thumbnail","hentry","category-opinion"],"jetpack_featured_media_url":"https:\/\/encuentroinformativo.com.mx\/wp-content\/uploads\/2020\/03\/F471F608-BA1A-416B-BA7B-BCFB24F4E6D0.jpeg","jetpack_sharing_enabled":true,"jetpack_likes_enabled":true,"amp_enabled":true,"_links":{"self":[{"href":"https:\/\/encuentroinformativo.com.mx\/index.php?rest_route=\/wp\/v2\/posts\/27914","targetHints":{"allow":["GET"]}}],"collection":[{"href":"https:\/\/encuentroinformativo.com.mx\/index.php?rest_route=\/wp\/v2\/posts"}],"about":[{"href":"https:\/\/encuentroinformativo.com.mx\/index.php?rest_route=\/wp\/v2\/types\/post"}],"author":[{"embeddable":true,"href":"https:\/\/encuentroinformativo.com.mx\/index.php?rest_route=\/wp\/v2\/users\/1"}],"replies":[{"embeddable":true,"href":"https:\/\/encuentroinformativo.com.mx\/index.php?rest_route=%2Fwp%2Fv2%2Fcomments&post=27914"}],"version-history":[{"count":1,"href":"https:\/\/encuentroinformativo.com.mx\/index.php?rest_route=\/wp\/v2\/posts\/27914\/revisions"}],"predecessor-version":[{"id":27915,"href":"https:\/\/encuentroinformativo.com.mx\/index.php?rest_route=\/wp\/v2\/posts\/27914\/revisions\/27915"}],"wp:featuredmedia":[{"embeddable":true,"href":"https:\/\/encuentroinformativo.com.mx\/index.php?rest_route=\/wp\/v2\/media\/488"}],"wp:attachment":[{"href":"https:\/\/encuentroinformativo.com.mx\/index.php?rest_route=%2Fwp%2Fv2%2Fmedia&parent=27914"}],"wp:term":[{"taxonomy":"category","embeddable":true,"href":"https:\/\/encuentroinformativo.com.mx\/index.php?rest_route=%2Fwp%2Fv2%2Fcategories&post=27914"},{"taxonomy":"post_tag","embeddable":true,"href":"https:\/\/encuentroinformativo.com.mx\/index.php?rest_route=%2Fwp%2Fv2%2Ftags&post=27914"}],"curies":[{"name":"wp","href":"https:\/\/api.w.org\/{rel}","templated":true}]}}