{"id":27921,"date":"2022-05-31T10:26:14","date_gmt":"2022-05-31T15:26:14","guid":{"rendered":"https:\/\/encuentroinformativo.com.mx\/?p=27921"},"modified":"2022-05-31T10:26:18","modified_gmt":"2022-05-31T15:26:18","slug":"balean-a-sindico-de-tecolutla-logra-atacar-a-uno-de-sus-agresores","status":"publish","type":"post","link":"https:\/\/encuentroinformativo.com.mx\/?p=27921","title":{"rendered":"Balean a s\u00edndico de Tecolutla, logra atacar a uno de sus agresores"},"content":{"rendered":"\n<p><strong>Alejandro \u00c1vila<\/strong><\/p>\n\n\n\n<p>Tecolutla, Ver.- La ma\u00f1ana de este martes se dio a conocer el ataque armado en contra del s\u00edndico de Tecolutla, Alfredo Salazar Nolasco, en la cabecera municipal de la ciudad.<\/p>\n\n\n\n<p>Los primeros reportes se\u00f1alan que, el funcionario municipal iba en su veh\u00edculo acompa\u00f1ado de su esposa e hija, cuando un par de motociclistas lo cercaron y comenzaron a dispararle.<\/p>\n\n\n\n<p>Tras el hecho violento y el reporte a los n\u00fameros de emergencia, elementos de la Polic\u00eda Estatal acudieron a la zona y dieron apoyo al funcionario municipal, qui\u00e9n fue trasladado a un hospital cercano con una herida de bala en el est\u00f3mago y otra en el brazo.<\/p>\n\n\n\n<p>Se menciona de manera extraoficial qu\u00e9, uno de los agresores habr\u00eda fallecido en el lugar, mientras que el otro se encuentra gravemente herido, toda vez que el S\u00edndico del Ayuntamiento de Tecolutla logr\u00f3 &#8220;echarles&#8221; su veh\u00edculo encima cuando estaba siendo agredido, con la finalidad de proteger a su familia.<\/p>\n\n\n\n<p>En la cabecera municipal de la ciudad Tecolutla, se mont\u00f3 un fuerte operativo para dar con los responsables.<\/p>\n","protected":false},"excerpt":{"rendered":"<p>Alejandro \u00c1vila Tecolutla, Ver.- La ma\u00f1ana de este martes se dio a conocer el ataque armado en contra del s\u00edndico de Tecolutla, Alfredo Salazar Nolasco, en la cabecera municipal de la ciudad. Los primeros reportes se\u00f1alan que, el funcionario municipal iba en su veh\u00edculo acompa\u00f1ado de su esposa e hija, cuando un par de motociclistas [&hellip;]<\/p>\n","protected":false},"author":1,"featured_media":27922,"comment_status":"open","ping_status":"open","sticky":false,"template":"","format":"standard","meta":{"_jetpack_memberships_contains_paid_content":false,"footnotes":""},"categories":[2],"tags":[],"class_list":["post-27921","post","type-post","status-publish","format-standard","has-post-thumbnail","hentry","category-estado"],"jetpack_featured_media_url":"https:\/\/encuentroinformativo.com.mx\/wp-content\/uploads\/2022\/05\/10CE8CDE-BBB1-4A9D-925F-03224D37D562.jpeg","jetpack_sharing_enabled":true,"jetpack_likes_enabled":true,"amp_enabled":true,"_links":{"self":[{"href":"https:\/\/encuentroinformativo.com.mx\/index.php?rest_route=\/wp\/v2\/posts\/27921","targetHints":{"allow":["GET"]}}],"collection":[{"href":"https:\/\/encuentroinformativo.com.mx\/index.php?rest_route=\/wp\/v2\/posts"}],"about":[{"href":"https:\/\/encuentroinformativo.com.mx\/index.php?rest_route=\/wp\/v2\/types\/post"}],"author":[{"embeddable":true,"href":"https:\/\/encuentroinformativo.com.mx\/index.php?rest_route=\/wp\/v2\/users\/1"}],"replies":[{"embeddable":true,"href":"https:\/\/encuentroinformativo.com.mx\/index.php?rest_route=%2Fwp%2Fv2%2Fcomments&post=27921"}],"version-history":[{"count":1,"href":"https:\/\/encuentroinformativo.com.mx\/index.php?rest_route=\/wp\/v2\/posts\/27921\/revisions"}],"predecessor-version":[{"id":27923,"href":"https:\/\/encuentroinformativo.com.mx\/index.php?rest_route=\/wp\/v2\/posts\/27921\/revisions\/27923"}],"wp:featuredmedia":[{"embeddable":true,"href":"https:\/\/encuentroinformativo.com.mx\/index.php?rest_route=\/wp\/v2\/media\/27922"}],"wp:attachment":[{"href":"https:\/\/encuentroinformativo.com.mx\/index.php?rest_route=%2Fwp%2Fv2%2Fmedia&parent=27921"}],"wp:term":[{"taxonomy":"category","embeddable":true,"href":"https:\/\/encuentroinformativo.com.mx\/index.php?rest_route=%2Fwp%2Fv2%2Fcategories&post=27921"},{"taxonomy":"post_tag","embeddable":true,"href":"https:\/\/encuentroinformativo.com.mx\/index.php?rest_route=%2Fwp%2Fv2%2Ftags&post=27921"}],"curies":[{"name":"wp","href":"https:\/\/api.w.org\/{rel}","templated":true}]}}