{"id":27927,"date":"2022-05-31T12:57:58","date_gmt":"2022-05-31T17:57:58","guid":{"rendered":"https:\/\/encuentroinformativo.com.mx\/?p=27927"},"modified":"2022-05-31T12:58:02","modified_gmt":"2022-05-31T17:58:02","slug":"ayuntamiento-de-veracruz-confirma-tres-conciertos-masivos-en-carnaval","status":"publish","type":"post","link":"https:\/\/encuentroinformativo.com.mx\/?p=27927","title":{"rendered":"Ayuntamiento de Veracruz confirma tres conciertos masivos en Carnaval"},"content":{"rendered":"\n<p><strong>Alejandro \u00c1vila<\/strong><\/p>\n\n\n\n<p>Veracruz, Ver.- La alcaldesa de Veracruz, Patricia Lobeira Rodr\u00edguez confirm\u00f3 que, se tienen contemplados 3 conciertos masivos para el Carnaval que se realizar\u00e1 en el mes de julio.<\/p>\n\n\n\n<p>Asegur\u00f3 que, dos de los artistas ya est\u00e1n contratados y los los gastos los cubrir\u00e1n el Ayuntamiento de Veracruz; y se encuentran en espera de que el Gobierno del Estado confirme se har\u00e1 cargo de los gastos del tercer artista.<\/p>\n\n\n\n<p>&#8220;Van a ser alrededor de 3 artistas, tenemos nosotros ya, dos confirmad\u00edsimo, y nos falta que Gobierno del Estado nos confirme si s\u00ed van a traer al tercero, ellos nos dijeron que s\u00ed, y bueno, estamos esperando nada m\u00e1s el oficio por escrito d\u00f3nde nos confirmen el tercer artista (\u2026) s\u00ed Gobierno del Estado nos confirma el tercer cantante, entonces tendr\u00edamos tres masivos&#8221;, asest\u00f3.<\/p>\n\n\n\n<p>Al respecto del hist\u00f3rico monto recaudado en las candidaturas la Corte Real del Carnaval mencion\u00f3 que, con este dinero (casi 4 millones de pesos) se recupera un poco de lo invertido por el Ayuntamiento de Veracruz, haci\u00e9ndolo un poco m\u00e1s sustentable.<\/p>\n\n\n\n<p>&#8220;Se invierte en el Carnaval, se trata tambi\u00e9n de recuperar un poco de las fiestas, c\u00f3mo lo hemos dicho el Carnaval genera mucha derrama econ\u00f3mica, lo cual a nosotros tambi\u00e9n nos beneficia como ciudad, vamos a tener hoteles llenos, vamos a tener comercios llenos, y lo que se ha generado con las candidatas y los candidatos es que haya mucha expectativa, una vez que anunciamos los masivos y los artistas que vienen, se va a generar todav\u00eda m\u00e1s expectativa y estoy segura que vamos a tener un Carnaval lleno, pero adem\u00e1s seguro y muy bonito&#8221;, asest\u00f3.<\/p>\n","protected":false},"excerpt":{"rendered":"<p>Alejandro \u00c1vila Veracruz, Ver.- La alcaldesa de Veracruz, Patricia Lobeira Rodr\u00edguez confirm\u00f3 que, se tienen contemplados 3 conciertos masivos para el Carnaval que se realizar\u00e1 en el mes de julio. Asegur\u00f3 que, dos de los artistas ya est\u00e1n contratados y los los gastos los cubrir\u00e1n el Ayuntamiento de Veracruz; y se encuentran en espera de [&hellip;]<\/p>\n","protected":false},"author":1,"featured_media":27928,"comment_status":"open","ping_status":"open","sticky":false,"template":"","format":"standard","meta":{"_jetpack_memberships_contains_paid_content":false,"footnotes":""},"categories":[2],"tags":[],"class_list":["post-27927","post","type-post","status-publish","format-standard","has-post-thumbnail","hentry","category-estado"],"jetpack_featured_media_url":"https:\/\/encuentroinformativo.com.mx\/wp-content\/uploads\/2022\/05\/24CCA65F-C730-466B-B4E3-F6F1B975F0B8.jpeg","jetpack_sharing_enabled":true,"jetpack_likes_enabled":true,"amp_enabled":true,"_links":{"self":[{"href":"https:\/\/encuentroinformativo.com.mx\/index.php?rest_route=\/wp\/v2\/posts\/27927","targetHints":{"allow":["GET"]}}],"collection":[{"href":"https:\/\/encuentroinformativo.com.mx\/index.php?rest_route=\/wp\/v2\/posts"}],"about":[{"href":"https:\/\/encuentroinformativo.com.mx\/index.php?rest_route=\/wp\/v2\/types\/post"}],"author":[{"embeddable":true,"href":"https:\/\/encuentroinformativo.com.mx\/index.php?rest_route=\/wp\/v2\/users\/1"}],"replies":[{"embeddable":true,"href":"https:\/\/encuentroinformativo.com.mx\/index.php?rest_route=%2Fwp%2Fv2%2Fcomments&post=27927"}],"version-history":[{"count":1,"href":"https:\/\/encuentroinformativo.com.mx\/index.php?rest_route=\/wp\/v2\/posts\/27927\/revisions"}],"predecessor-version":[{"id":27929,"href":"https:\/\/encuentroinformativo.com.mx\/index.php?rest_route=\/wp\/v2\/posts\/27927\/revisions\/27929"}],"wp:featuredmedia":[{"embeddable":true,"href":"https:\/\/encuentroinformativo.com.mx\/index.php?rest_route=\/wp\/v2\/media\/27928"}],"wp:attachment":[{"href":"https:\/\/encuentroinformativo.com.mx\/index.php?rest_route=%2Fwp%2Fv2%2Fmedia&parent=27927"}],"wp:term":[{"taxonomy":"category","embeddable":true,"href":"https:\/\/encuentroinformativo.com.mx\/index.php?rest_route=%2Fwp%2Fv2%2Fcategories&post=27927"},{"taxonomy":"post_tag","embeddable":true,"href":"https:\/\/encuentroinformativo.com.mx\/index.php?rest_route=%2Fwp%2Fv2%2Ftags&post=27927"}],"curies":[{"name":"wp","href":"https:\/\/api.w.org\/{rel}","templated":true}]}}