{"id":27930,"date":"2022-05-31T13:02:42","date_gmt":"2022-05-31T18:02:42","guid":{"rendered":"https:\/\/encuentroinformativo.com.mx\/?p=27930"},"modified":"2022-05-31T13:02:44","modified_gmt":"2022-05-31T18:02:44","slug":"cuenta-congreso-de-veracruz-con-senaletica-braille","status":"publish","type":"post","link":"https:\/\/encuentroinformativo.com.mx\/?p=27930","title":{"rendered":"Cuenta Congreso de Veracruz con se\u00f1al\u00e9tica Braille"},"content":{"rendered":"\n<p><strong>*Este Poder Legislativo pone el ejemplo para que m\u00e1s instituciones p\u00fablicas y privadas adopten medidas similares.<\/strong><\/p>\n\n\n\n<p>Xalapa, Ver.- En virtud de lo instruido por el presidente de la Junta de Coordinaci\u00f3n Pol\u00edtica (Jucopo) de la LXVI Legislatura, diputado Juan Javier G\u00f3mez Cazar\u00edn, la administraci\u00f3n del Congreso del Estado inici\u00f3 la colocaci\u00f3n de se\u00f1al\u00e9tica dise\u00f1ada para facilitar a las y los visitantes con discapacidad visual el tr\u00e1nsito por las distintas \u00e1reas del Palacio Legislativo.<\/p>\n\n\n\n<p>Para dar cumplimiento a lo dispuesto en las leyes para la Integraci\u00f3n de Personas con Discapacidad y de Protecci\u00f3n Civil y de Reducci\u00f3n del Riesgo de Desastres, ambas para el estado de Veracruz de Ignacio de la Llave, y en colaboraci\u00f3n con el Centro de Estudios para la Igualdad de G\u00e9nero y los Derechos Humanos (CEIGDH), las secretar\u00edas General y de Servicios Administrativos y Financieros instruyeron la colocaci\u00f3n correspondiente.<\/p>\n\n\n\n<p>En dichos se\u00f1alamientos escritos en lenguaje Braille puede leerse indicaciones relativas a informaci\u00f3n de protecci\u00f3n civil como salidas de emergencia, ubicaci\u00f3n de los extintores y recomendaciones en casos de sismo, entre otras.<\/p>\n\n\n\n<p>Con el apoyo de la asociaci\u00f3n civil Ense\u00f1as A. C., fueron colocadas las placas respectivas en las distintas \u00e1reas del Palacio Legislativo, dando ejemplo nacional de cumplimiento a la legislaci\u00f3n y de voluntad para la disposici\u00f3n de espacios seguros, de libre tr\u00e1nsito y con informaci\u00f3n destinada a personas con discapacidad visual que visiten este recinto.<\/p>\n\n\n\n<p>Desde la Casa de las y los Veracruzanos, con acciones positivas y claras, el Congreso del Estado responde a su compromiso con las diversas organizaciones de personas con discapacidad y contribuye a la construcci\u00f3n de una sociedad inclusiva e incluyente.<\/p>\n","protected":false},"excerpt":{"rendered":"<p>*Este Poder Legislativo pone el ejemplo para que m\u00e1s instituciones p\u00fablicas y privadas adopten medidas similares. Xalapa, Ver.- En virtud de lo instruido por el presidente de la Junta de Coordinaci\u00f3n Pol\u00edtica (Jucopo) de la LXVI Legislatura, diputado Juan Javier G\u00f3mez Cazar\u00edn, la administraci\u00f3n del Congreso del Estado inici\u00f3 la colocaci\u00f3n de se\u00f1al\u00e9tica dise\u00f1ada para [&hellip;]<\/p>\n","protected":false},"author":1,"featured_media":27931,"comment_status":"open","ping_status":"open","sticky":false,"template":"","format":"standard","meta":{"_jetpack_memberships_contains_paid_content":false,"footnotes":""},"categories":[2],"tags":[],"class_list":["post-27930","post","type-post","status-publish","format-standard","has-post-thumbnail","hentry","category-estado"],"jetpack_featured_media_url":"https:\/\/encuentroinformativo.com.mx\/wp-content\/uploads\/2022\/05\/F94D7953-ED37-4629-9C78-D6AB44CD16FA.jpeg","jetpack_sharing_enabled":true,"jetpack_likes_enabled":true,"amp_enabled":true,"_links":{"self":[{"href":"https:\/\/encuentroinformativo.com.mx\/index.php?rest_route=\/wp\/v2\/posts\/27930","targetHints":{"allow":["GET"]}}],"collection":[{"href":"https:\/\/encuentroinformativo.com.mx\/index.php?rest_route=\/wp\/v2\/posts"}],"about":[{"href":"https:\/\/encuentroinformativo.com.mx\/index.php?rest_route=\/wp\/v2\/types\/post"}],"author":[{"embeddable":true,"href":"https:\/\/encuentroinformativo.com.mx\/index.php?rest_route=\/wp\/v2\/users\/1"}],"replies":[{"embeddable":true,"href":"https:\/\/encuentroinformativo.com.mx\/index.php?rest_route=%2Fwp%2Fv2%2Fcomments&post=27930"}],"version-history":[{"count":1,"href":"https:\/\/encuentroinformativo.com.mx\/index.php?rest_route=\/wp\/v2\/posts\/27930\/revisions"}],"predecessor-version":[{"id":27932,"href":"https:\/\/encuentroinformativo.com.mx\/index.php?rest_route=\/wp\/v2\/posts\/27930\/revisions\/27932"}],"wp:featuredmedia":[{"embeddable":true,"href":"https:\/\/encuentroinformativo.com.mx\/index.php?rest_route=\/wp\/v2\/media\/27931"}],"wp:attachment":[{"href":"https:\/\/encuentroinformativo.com.mx\/index.php?rest_route=%2Fwp%2Fv2%2Fmedia&parent=27930"}],"wp:term":[{"taxonomy":"category","embeddable":true,"href":"https:\/\/encuentroinformativo.com.mx\/index.php?rest_route=%2Fwp%2Fv2%2Fcategories&post=27930"},{"taxonomy":"post_tag","embeddable":true,"href":"https:\/\/encuentroinformativo.com.mx\/index.php?rest_route=%2Fwp%2Fv2%2Ftags&post=27930"}],"curies":[{"name":"wp","href":"https:\/\/api.w.org\/{rel}","templated":true}]}}