{"id":27933,"date":"2022-05-31T13:49:44","date_gmt":"2022-05-31T18:49:44","guid":{"rendered":"https:\/\/encuentroinformativo.com.mx\/?p=27933"},"modified":"2022-05-31T13:50:18","modified_gmt":"2022-05-31T18:50:18","slug":"cancelan-visita-del-presidente-a-coatzacoalcos","status":"publish","type":"post","link":"https:\/\/encuentroinformativo.com.mx\/?p=27933","title":{"rendered":"Cancelan visita del presidente a Coatzacoalcos"},"content":{"rendered":"\n<p><strong>Dar\u00edo Pale <\/strong><\/p>\n\n\n\n<p>Xalapa, Ver.- El Presidente de M\u00e9xico Andres Manuel L\u00f3pez Obrador cancel\u00f3 su visita a Coatzacoalcos por el monitoreo de \u00c1gatha as\u00ed lo inform\u00f3 el delegado de los programas federales del Bienestar Manuel Huerta Ladr\u00f3n de Guevara.<\/p>\n\n\n\n<p>En entrevista confirm\u00f3 que el presidente Andr\u00e9s Manuel L\u00f3pez Obrador no viene este mi\u00e9rcoles a Veracruz.<\/p>\n\n\n\n<p>Explic\u00f3 que el Mandatario estar\u00e1 siguiendo el monitoreo por el impacto del hurac\u00e1n \u00c1gatha en costas de Oaxaca.<\/p>\n\n\n\n<p>&#8220;Aunque en la ma\u00f1anera dijo que iba a avisar, la verdad es que ya sabemos que no va a acudir ac\u00e1, porque est\u00e1n en el monitoreo nacional por \u00c1gatha y otras encomiendas y entiendo que los eventos ser\u00e1n en la Ciudad de M\u00e9xico&#8221;, se\u00f1al\u00f3.<\/p>\n\n\n\n<p>Finalmente dijo que hay que recordar que el Ejecutivo inform\u00f3 que acudir\u00eda a Coatzacoalcos este mi\u00e9rcoles 1 de junio para conmemorar el D\u00eda de la Marina Nacional.<\/p>\n","protected":false},"excerpt":{"rendered":"<p>Dar\u00edo Pale Xalapa, Ver.- El Presidente de M\u00e9xico Andres Manuel L\u00f3pez Obrador cancel\u00f3 su visita a Coatzacoalcos por el monitoreo de \u00c1gatha as\u00ed lo inform\u00f3 el delegado de los programas federales del Bienestar Manuel Huerta Ladr\u00f3n de Guevara. En entrevista confirm\u00f3 que el presidente Andr\u00e9s Manuel L\u00f3pez Obrador no viene este mi\u00e9rcoles a Veracruz. Explic\u00f3 [&hellip;]<\/p>\n","protected":false},"author":1,"featured_media":21320,"comment_status":"open","ping_status":"open","sticky":false,"template":"","format":"standard","meta":{"_jetpack_memberships_contains_paid_content":false,"footnotes":""},"categories":[2],"tags":[],"class_list":["post-27933","post","type-post","status-publish","format-standard","has-post-thumbnail","hentry","category-estado"],"jetpack_featured_media_url":"https:\/\/encuentroinformativo.com.mx\/wp-content\/uploads\/2021\/12\/65D3DAB5-6F83-475A-84AD-FC8FBEF06B62.jpeg","jetpack_sharing_enabled":true,"jetpack_likes_enabled":true,"amp_enabled":true,"_links":{"self":[{"href":"https:\/\/encuentroinformativo.com.mx\/index.php?rest_route=\/wp\/v2\/posts\/27933","targetHints":{"allow":["GET"]}}],"collection":[{"href":"https:\/\/encuentroinformativo.com.mx\/index.php?rest_route=\/wp\/v2\/posts"}],"about":[{"href":"https:\/\/encuentroinformativo.com.mx\/index.php?rest_route=\/wp\/v2\/types\/post"}],"author":[{"embeddable":true,"href":"https:\/\/encuentroinformativo.com.mx\/index.php?rest_route=\/wp\/v2\/users\/1"}],"replies":[{"embeddable":true,"href":"https:\/\/encuentroinformativo.com.mx\/index.php?rest_route=%2Fwp%2Fv2%2Fcomments&post=27933"}],"version-history":[{"count":1,"href":"https:\/\/encuentroinformativo.com.mx\/index.php?rest_route=\/wp\/v2\/posts\/27933\/revisions"}],"predecessor-version":[{"id":27934,"href":"https:\/\/encuentroinformativo.com.mx\/index.php?rest_route=\/wp\/v2\/posts\/27933\/revisions\/27934"}],"wp:featuredmedia":[{"embeddable":true,"href":"https:\/\/encuentroinformativo.com.mx\/index.php?rest_route=\/wp\/v2\/media\/21320"}],"wp:attachment":[{"href":"https:\/\/encuentroinformativo.com.mx\/index.php?rest_route=%2Fwp%2Fv2%2Fmedia&parent=27933"}],"wp:term":[{"taxonomy":"category","embeddable":true,"href":"https:\/\/encuentroinformativo.com.mx\/index.php?rest_route=%2Fwp%2Fv2%2Fcategories&post=27933"},{"taxonomy":"post_tag","embeddable":true,"href":"https:\/\/encuentroinformativo.com.mx\/index.php?rest_route=%2Fwp%2Fv2%2Ftags&post=27933"}],"curies":[{"name":"wp","href":"https:\/\/api.w.org\/{rel}","templated":true}]}}