{"id":27937,"date":"2022-05-31T14:02:10","date_gmt":"2022-05-31T19:02:10","guid":{"rendered":"https:\/\/encuentroinformativo.com.mx\/?p=27937"},"modified":"2022-05-31T14:02:13","modified_gmt":"2022-05-31T19:02:13","slug":"posponen-bloqueos-de-amotac","status":"publish","type":"post","link":"https:\/\/encuentroinformativo.com.mx\/?p=27937","title":{"rendered":"Posponen bloqueos de AMOTAC"},"content":{"rendered":"\n<p><strong>Juan Arcos<\/strong><\/p>\n\n\n\n<p>Xalapa, Ver.- La Alianza Mexicana de Organizaciones Transportistas (Amotac) pospuso la manifestaci\u00f3n a nivel nacional que estaba programada para este 31 de mayo.<\/p>\n\n\n\n<p>Los transportistas de carga pesada podr\u00eda salir a las calles y bloquear carreteras despu\u00e9s de dos meses, a finales de julio, en espera de que las autoridades federales atiendan sus demandas.<\/p>\n\n\n\n<p>Los directivos y delegados de este organismo sostuvieron una reuni\u00f3n con Laura Nohem\u00ed Mu\u00f1oz Ben\u00edtez, directora general de Autotransporte Federal de la Secretar\u00eda de Comunicaciones y Transportes (SCT), en la ciudad de Quer\u00e9taro, para exponer las principales problem\u00e1ticas que enfrenta el sector transportista.<\/p>\n\n\n\n<p>El consejero Nacional y delegado de la zona centro en Veracruz de la Amotac, Valent\u00edn Romero Trujillo, indic\u00f3 que en dicho encuentro se acord\u00f3 que la Carta Porte que solicitan el Sistema de Administraci\u00f3n Tributaria (SAT) y la Secretar\u00eda de Hacienda y Cr\u00e9dito P\u00fablico (SHCP) ya no ser\u00e1 necesaria para el traslado de los productos de la canasta b\u00e1sica.<\/p>\n\n\n\n<p>&#8220;Estuvimos con Laura Nohem\u00ed Mu\u00f1oz, directora de Autotransporte Federal y acordamos que la Carta Porte, los c\u00edtricos, frutas y legumbres y todo lo de la canasta b\u00e1sica ya no necesitamos Carta Porte, s\u00f3lo algunos productos, pues ten\u00edamos 180 puntos y ahora se qued\u00f3 en 36, pues ya se gan\u00f3\u201d, expres\u00f3.<\/p>\n\n\n\n<p>En el tema de seguridad, indic\u00f3 que persisten los asaltos con violencia a los conductores de unidades de carga pesada en distintas zonas de la entidad y el pa\u00eds.<\/p>\n\n\n\n<p>A su juicio, el gobierno federal les inform\u00f3 que han sido desplegados m\u00e1s de 2 mil elementos de la Guardia Nacional; sin embargo, la inseguridad persiste en las carreteras.<\/p>\n\n\n\n<p>\u201cNo sabemos d\u00f3nde est\u00e1n esos elementos porque seguimos teniendo los mismos robos en carreteras, as\u00ed como en tramos estatales y municipales\u201d, a\u00f1adi\u00f3.<\/p>\n\n\n\n<p>Los transportistas exigieron tambi\u00e9n una reuni\u00f3n con autoridades del gobiernos del estado para que sea atendida dicha problem\u00e1tica.\u00a0<\/p>\n","protected":false},"excerpt":{"rendered":"<p>Juan Arcos Xalapa, Ver.- La Alianza Mexicana de Organizaciones Transportistas (Amotac) pospuso la manifestaci\u00f3n a nivel nacional que estaba programada para este 31 de mayo. Los transportistas de carga pesada podr\u00eda salir a las calles y bloquear carreteras despu\u00e9s de dos meses, a finales de julio, en espera de que las autoridades federales atiendan sus [&hellip;]<\/p>\n","protected":false},"author":1,"featured_media":27938,"comment_status":"open","ping_status":"open","sticky":false,"template":"","format":"standard","meta":{"_jetpack_memberships_contains_paid_content":false,"footnotes":""},"categories":[2],"tags":[],"class_list":["post-27937","post","type-post","status-publish","format-standard","has-post-thumbnail","hentry","category-estado"],"jetpack_featured_media_url":"https:\/\/encuentroinformativo.com.mx\/wp-content\/uploads\/2022\/05\/6B75DAA1-0632-4B83-AD51-BF4EA32075CB.jpeg","jetpack_sharing_enabled":true,"jetpack_likes_enabled":true,"amp_enabled":true,"_links":{"self":[{"href":"https:\/\/encuentroinformativo.com.mx\/index.php?rest_route=\/wp\/v2\/posts\/27937","targetHints":{"allow":["GET"]}}],"collection":[{"href":"https:\/\/encuentroinformativo.com.mx\/index.php?rest_route=\/wp\/v2\/posts"}],"about":[{"href":"https:\/\/encuentroinformativo.com.mx\/index.php?rest_route=\/wp\/v2\/types\/post"}],"author":[{"embeddable":true,"href":"https:\/\/encuentroinformativo.com.mx\/index.php?rest_route=\/wp\/v2\/users\/1"}],"replies":[{"embeddable":true,"href":"https:\/\/encuentroinformativo.com.mx\/index.php?rest_route=%2Fwp%2Fv2%2Fcomments&post=27937"}],"version-history":[{"count":1,"href":"https:\/\/encuentroinformativo.com.mx\/index.php?rest_route=\/wp\/v2\/posts\/27937\/revisions"}],"predecessor-version":[{"id":27939,"href":"https:\/\/encuentroinformativo.com.mx\/index.php?rest_route=\/wp\/v2\/posts\/27937\/revisions\/27939"}],"wp:featuredmedia":[{"embeddable":true,"href":"https:\/\/encuentroinformativo.com.mx\/index.php?rest_route=\/wp\/v2\/media\/27938"}],"wp:attachment":[{"href":"https:\/\/encuentroinformativo.com.mx\/index.php?rest_route=%2Fwp%2Fv2%2Fmedia&parent=27937"}],"wp:term":[{"taxonomy":"category","embeddable":true,"href":"https:\/\/encuentroinformativo.com.mx\/index.php?rest_route=%2Fwp%2Fv2%2Fcategories&post=27937"},{"taxonomy":"post_tag","embeddable":true,"href":"https:\/\/encuentroinformativo.com.mx\/index.php?rest_route=%2Fwp%2Fv2%2Ftags&post=27937"}],"curies":[{"name":"wp","href":"https:\/\/api.w.org\/{rel}","templated":true}]}}