{"id":27940,"date":"2022-05-31T16:40:50","date_gmt":"2022-05-31T21:40:50","guid":{"rendered":"https:\/\/encuentroinformativo.com.mx\/?p=27940"},"modified":"2022-05-31T16:40:54","modified_gmt":"2022-05-31T21:40:54","slug":"confirman-desaparicion-de-director-de-policia-vial","status":"publish","type":"post","link":"https:\/\/encuentroinformativo.com.mx\/?p=27940","title":{"rendered":"Confirman desaparici\u00f3n de director de Polic\u00eda Vial"},"content":{"rendered":"\n<p><strong>Juan Arcos <\/strong><\/p>\n\n\n\n<p>Xalapa, Ver.- Autoridades de Veracruz confirmaron la desaparici\u00f3n del director de la Polic\u00eda Vial, de la Secretar\u00eda de Seguridad P\u00fablica (SSP), Juan Alan Cuetero Meza.<\/p>\n\n\n\n<p>La Comisi\u00f3n Estatal de B\u00fasqueda, cuya encargada de despacho es Brenda Cer\u00f3n Chagoya, emiti\u00f3 la ficha con su fotograf\u00eda, datos personales y caracter\u00edsticas particulares.<\/p>\n\n\n\n<p>Se presume que el pasado 29 de mayo fue sometido por presuntos delincuentes sobre las calles Alcocer y Victoria, en el Puerto de Veracruz, donde se llevaron tambi\u00e9n su veh\u00edculo particular.<\/p>\n\n\n\n<p>De acuerdo con fuentes extraoficiales, el autom\u00f3vil abandonado y localizado en la comunidad Dos R\u00edos, municipio de Emiliano Zapata, es propiedad del mando policiaco, alias \u201cEl Archie\u201d.<\/p>\n\n\n\n<p>La unida fue encontrada la tarde del lunes 30 de mayo a unos metros del Palacio Municipal, una zona conurbada con la ciudad de Xalapa, la capital del estado.<\/p>\n\n\n\n<p>La tarde de ayer tambi\u00e9n se despleg\u00f3 un fuerte operativo en la colonia Francisco Villa, del puerto de Veracruz, que dej\u00f3 un saldo de un presunto delincuente abatido y el aseguramiento de una camioneta, hechos que podr\u00edan estar relacionados con la desaparici\u00f3n del jefe policiaco.<\/p>\n\n\n\n<p>Las acciones de b\u00fasqueda se llevan a cabo en la zona conurbada Veracruz-Boca del R\u00edo, pero tambi\u00e9n en Xalapa, Emiliano Zapata, Jamapa y otros municipios aleda\u00f1os.<\/p>\n\n\n\n<p>De acuerdo con la ficha de la Comisi\u00f3n Estatal de B\u00fasqueda, Juan Alan Cuetero Meza, de 32 a\u00f1os, naci\u00f3 el 12 de marzo de 1990 y desapareci\u00f3 en el puerto jarocho.<\/p>\n\n\n\n<p>El oficial mide un metro con 70 cent\u00edmetros. Tiene ojos verdes, es de piel blanca y su cabello es casta\u00f1o, corto y rizado. Tiene una cicatriz en el abdomen y un lunar en el lado derecho de la espalda.<br>La gente que tenga informaci\u00f3n sobre su paradero puede comunicarse al n\u00famero telef\u00f3nico 228 319 31 87 o al n\u00famero de emergencias 911.<\/p>\n","protected":false},"excerpt":{"rendered":"<p>Juan Arcos Xalapa, Ver.- Autoridades de Veracruz confirmaron la desaparici\u00f3n del director de la Polic\u00eda Vial, de la Secretar\u00eda de Seguridad P\u00fablica (SSP), Juan Alan Cuetero Meza. La Comisi\u00f3n Estatal de B\u00fasqueda, cuya encargada de despacho es Brenda Cer\u00f3n Chagoya, emiti\u00f3 la ficha con su fotograf\u00eda, datos personales y caracter\u00edsticas particulares. Se presume que el [&hellip;]<\/p>\n","protected":false},"author":1,"featured_media":27941,"comment_status":"open","ping_status":"open","sticky":false,"template":"","format":"standard","meta":{"_jetpack_memberships_contains_paid_content":false,"footnotes":""},"categories":[14],"tags":[],"class_list":["post-27940","post","type-post","status-publish","format-standard","has-post-thumbnail","hentry","category-policiaca"],"jetpack_featured_media_url":"https:\/\/encuentroinformativo.com.mx\/wp-content\/uploads\/2022\/05\/5E490228-CBE8-4D3B-9EB9-63A8315CFCF6.jpeg","jetpack_sharing_enabled":true,"jetpack_likes_enabled":true,"amp_enabled":true,"_links":{"self":[{"href":"https:\/\/encuentroinformativo.com.mx\/index.php?rest_route=\/wp\/v2\/posts\/27940","targetHints":{"allow":["GET"]}}],"collection":[{"href":"https:\/\/encuentroinformativo.com.mx\/index.php?rest_route=\/wp\/v2\/posts"}],"about":[{"href":"https:\/\/encuentroinformativo.com.mx\/index.php?rest_route=\/wp\/v2\/types\/post"}],"author":[{"embeddable":true,"href":"https:\/\/encuentroinformativo.com.mx\/index.php?rest_route=\/wp\/v2\/users\/1"}],"replies":[{"embeddable":true,"href":"https:\/\/encuentroinformativo.com.mx\/index.php?rest_route=%2Fwp%2Fv2%2Fcomments&post=27940"}],"version-history":[{"count":1,"href":"https:\/\/encuentroinformativo.com.mx\/index.php?rest_route=\/wp\/v2\/posts\/27940\/revisions"}],"predecessor-version":[{"id":27942,"href":"https:\/\/encuentroinformativo.com.mx\/index.php?rest_route=\/wp\/v2\/posts\/27940\/revisions\/27942"}],"wp:featuredmedia":[{"embeddable":true,"href":"https:\/\/encuentroinformativo.com.mx\/index.php?rest_route=\/wp\/v2\/media\/27941"}],"wp:attachment":[{"href":"https:\/\/encuentroinformativo.com.mx\/index.php?rest_route=%2Fwp%2Fv2%2Fmedia&parent=27940"}],"wp:term":[{"taxonomy":"category","embeddable":true,"href":"https:\/\/encuentroinformativo.com.mx\/index.php?rest_route=%2Fwp%2Fv2%2Fcategories&post=27940"},{"taxonomy":"post_tag","embeddable":true,"href":"https:\/\/encuentroinformativo.com.mx\/index.php?rest_route=%2Fwp%2Fv2%2Ftags&post=27940"}],"curies":[{"name":"wp","href":"https:\/\/api.w.org\/{rel}","templated":true}]}}