{"id":27943,"date":"2022-05-31T16:44:32","date_gmt":"2022-05-31T21:44:32","guid":{"rendered":"https:\/\/encuentroinformativo.com.mx\/?p=27943"},"modified":"2022-05-31T16:44:35","modified_gmt":"2022-05-31T21:44:35","slug":"princesas-no-acuden-a-presentacion-de-corte-real","status":"publish","type":"post","link":"https:\/\/encuentroinformativo.com.mx\/?p=27943","title":{"rendered":"Princesas no acuden a presentaci\u00f3n de corte real"},"content":{"rendered":"\n<p><strong>Alejandro \u00c1vila<\/strong><\/p>\n\n\n\n<p>Veracruz, Ver.- El presidente del Comit\u00e9 de Carnaval de Veracruz, Luis Antonio P\u00e9rez Fraga, descart\u00f3 una sanci\u00f3n para Miriam Carballo y Valeria Rangel, por no asistir a la presentaci\u00f3n oficial de la Corte Real 2022.<\/p>\n\n\n\n<p>Este martes se llev\u00f3 a cabo la presentaci\u00f3n oficial con presencia de la alcaldesa, Patricia Lobeira Rodr\u00edguez, de la Corte Real del Carnaval de Veracruz 2022, mismo que tiene como reyes electos a Yeri Cruz Valera &#8220;Yerimua I&#8221;, y&nbsp; Brian Samir Cruz Villegas &#8220;Paponas I&#8221;; las grandes ausentes, fueron la princesa primera Miriam Carballo &#8220;Mimmi&#8221;, y Valeria Rangel &#8220;Vale Queen&#8221;.<\/p>\n\n\n\n<p>Luis Antonio P\u00e9rez Fraga asegur\u00f3 que, la invitaci\u00f3n fue hecha a todas las candidatas, y quiz\u00e1 por la premura del evento alguna no pudo asistir.<\/p>\n\n\n\n<p>&#8220;Fue una gran elecci\u00f3n, muy padre, no hubo como en otros a\u00f1os que ya han visto ustedes videos y guerras de declaraciones, fue una contienda en lo que cabe muy tranquila, muy alegre y divertida (\u2026) cuando vaya una reuni\u00f3n oficial con papaquis, s\u00ed es forzoso que asistan, sino el reglamento contempla las sanciones&#8221;, apunt\u00f3.<\/p>\n\n\n\n<p>&#8220;El Pollo&#8221; aclar\u00f3 que, despu\u00e9s de 3 ausencias injustificadas, se hace una sanci\u00f3n p\u00fablica, d\u00f3nde se le retira el t\u00edtulo a la persona que incurre en una falta; en este caso, dejar\u00edan de ser princesas.<\/p>\n","protected":false},"excerpt":{"rendered":"<p>Alejandro \u00c1vila Veracruz, Ver.- El presidente del Comit\u00e9 de Carnaval de Veracruz, Luis Antonio P\u00e9rez Fraga, descart\u00f3 una sanci\u00f3n para Miriam Carballo y Valeria Rangel, por no asistir a la presentaci\u00f3n oficial de la Corte Real 2022. Este martes se llev\u00f3 a cabo la presentaci\u00f3n oficial con presencia de la alcaldesa, Patricia Lobeira Rodr\u00edguez, de [&hellip;]<\/p>\n","protected":false},"author":1,"featured_media":27944,"comment_status":"open","ping_status":"open","sticky":false,"template":"","format":"standard","meta":{"_jetpack_memberships_contains_paid_content":false,"footnotes":""},"categories":[2],"tags":[],"class_list":["post-27943","post","type-post","status-publish","format-standard","has-post-thumbnail","hentry","category-estado"],"jetpack_featured_media_url":"https:\/\/encuentroinformativo.com.mx\/wp-content\/uploads\/2022\/05\/E044C46A-3B35-4C92-B06D-D7C33216AFCE.jpeg","jetpack_sharing_enabled":true,"jetpack_likes_enabled":true,"amp_enabled":true,"_links":{"self":[{"href":"https:\/\/encuentroinformativo.com.mx\/index.php?rest_route=\/wp\/v2\/posts\/27943","targetHints":{"allow":["GET"]}}],"collection":[{"href":"https:\/\/encuentroinformativo.com.mx\/index.php?rest_route=\/wp\/v2\/posts"}],"about":[{"href":"https:\/\/encuentroinformativo.com.mx\/index.php?rest_route=\/wp\/v2\/types\/post"}],"author":[{"embeddable":true,"href":"https:\/\/encuentroinformativo.com.mx\/index.php?rest_route=\/wp\/v2\/users\/1"}],"replies":[{"embeddable":true,"href":"https:\/\/encuentroinformativo.com.mx\/index.php?rest_route=%2Fwp%2Fv2%2Fcomments&post=27943"}],"version-history":[{"count":1,"href":"https:\/\/encuentroinformativo.com.mx\/index.php?rest_route=\/wp\/v2\/posts\/27943\/revisions"}],"predecessor-version":[{"id":27945,"href":"https:\/\/encuentroinformativo.com.mx\/index.php?rest_route=\/wp\/v2\/posts\/27943\/revisions\/27945"}],"wp:featuredmedia":[{"embeddable":true,"href":"https:\/\/encuentroinformativo.com.mx\/index.php?rest_route=\/wp\/v2\/media\/27944"}],"wp:attachment":[{"href":"https:\/\/encuentroinformativo.com.mx\/index.php?rest_route=%2Fwp%2Fv2%2Fmedia&parent=27943"}],"wp:term":[{"taxonomy":"category","embeddable":true,"href":"https:\/\/encuentroinformativo.com.mx\/index.php?rest_route=%2Fwp%2Fv2%2Fcategories&post=27943"},{"taxonomy":"post_tag","embeddable":true,"href":"https:\/\/encuentroinformativo.com.mx\/index.php?rest_route=%2Fwp%2Fv2%2Ftags&post=27943"}],"curies":[{"name":"wp","href":"https:\/\/api.w.org\/{rel}","templated":true}]}}