{"id":27954,"date":"2022-05-31T19:17:34","date_gmt":"2022-06-01T00:17:34","guid":{"rendered":"https:\/\/encuentroinformativo.com.mx\/?p=27954"},"modified":"2022-05-31T19:17:38","modified_gmt":"2022-06-01T00:17:38","slug":"insisten-ambientalistas-veracruz-libre-de-mineria-piden-decreto","status":"publish","type":"post","link":"https:\/\/encuentroinformativo.com.mx\/?p=27954","title":{"rendered":"Insisten ambientalistas; Veracruz libre de miner\u00eda, piden decreto"},"content":{"rendered":"\n<p><strong>Juan Arcos <\/strong><\/p>\n\n\n\n<p>Xalapa, Ver.- Ambientalistas exigieron nuevamente al gobernador Cuitl\u00e1huac Garc\u00eda Jim\u00e9nez que el pr\u00f3ximo 5 de Junio, D\u00eda Mundial de Medio Ambiente, decrete a Veracruz libre de miner\u00eda t\u00f3xica.<\/p>\n\n\n\n<p>El integrante de La Asamblea Veracruzana de Iniciativas y Defensa Ambiental (Lavida), Guillermo Rodr\u00edguez Curiel, record\u00f3 que los proyectos de miner\u00eda a cielo abierto que est\u00e1n vigentes en el estado representan un atentado contra la naturaleza.<\/p>\n\n\n\n<p>\u201cOjal\u00e1 que le Gobernador le haga este regalo a la naturaleza y quede como una herencia para las pr\u00f3ximas generaciones que tambi\u00e9n tienen derecho a vivir en un ambiente sano\u201d, refiri\u00f3.<\/p>\n\n\n\n<p>A\u00f1adi\u00f3 que la Organizaci\u00f3n de las Naciones Unidas (ONU) decreto que cada 5 de junio se celebre el D\u00eda Mundial del Medio Ambiente; sin embargo, persisten las acciones humanas que da\u00f1an el entorno ecol\u00f3gico.<\/p>\n\n\n\n<p>Diversas organizaciones civiles se han pronunciado en contra de los proyectos mineros, sobre todo los que se encuentran en los municipios de Actopan y Alto Lucero, donde se pretende extraer oro, plata y cobre.<\/p>\n\n\n\n<p>No obstante, los ambientalistas sostienen que los trabajos de las empresas canadienses han ocasionado la p\u00e9rdida de agua en las comunidades aleda\u00f1as por la deforestaci\u00f3n de los cerros.<\/p>\n\n\n\n<p>\u201cEstamos convencidos de que los \u00fanicos que tenemos que actuar para defender el territorio es la sociedad civil. Le tenemos que exigir al gobierno estatal, federal y municipal que cuide nuestro entorno\u201d, enfatiz\u00f3 el activista.\u00a0<\/p>\n","protected":false},"excerpt":{"rendered":"<p>Juan Arcos Xalapa, Ver.- Ambientalistas exigieron nuevamente al gobernador Cuitl\u00e1huac Garc\u00eda Jim\u00e9nez que el pr\u00f3ximo 5 de Junio, D\u00eda Mundial de Medio Ambiente, decrete a Veracruz libre de miner\u00eda t\u00f3xica. El integrante de La Asamblea Veracruzana de Iniciativas y Defensa Ambiental (Lavida), Guillermo Rodr\u00edguez Curiel, record\u00f3 que los proyectos de miner\u00eda a cielo abierto que [&hellip;]<\/p>\n","protected":false},"author":2476,"featured_media":27953,"comment_status":"open","ping_status":"open","sticky":false,"template":"","format":"standard","meta":{"_jetpack_memberships_contains_paid_content":false,"footnotes":""},"categories":[8],"tags":[],"class_list":["post-27954","post","type-post","status-publish","format-standard","has-post-thumbnail","hentry","category-region"],"jetpack_featured_media_url":"https:\/\/encuentroinformativo.com.mx\/wp-content\/uploads\/2022\/05\/17EA7A59-EC06-4385-8AD1-547822E42CB4.jpeg","jetpack_sharing_enabled":true,"jetpack_likes_enabled":true,"amp_enabled":true,"_links":{"self":[{"href":"https:\/\/encuentroinformativo.com.mx\/index.php?rest_route=\/wp\/v2\/posts\/27954","targetHints":{"allow":["GET"]}}],"collection":[{"href":"https:\/\/encuentroinformativo.com.mx\/index.php?rest_route=\/wp\/v2\/posts"}],"about":[{"href":"https:\/\/encuentroinformativo.com.mx\/index.php?rest_route=\/wp\/v2\/types\/post"}],"author":[{"embeddable":true,"href":"https:\/\/encuentroinformativo.com.mx\/index.php?rest_route=\/wp\/v2\/users\/2476"}],"replies":[{"embeddable":true,"href":"https:\/\/encuentroinformativo.com.mx\/index.php?rest_route=%2Fwp%2Fv2%2Fcomments&post=27954"}],"version-history":[{"count":1,"href":"https:\/\/encuentroinformativo.com.mx\/index.php?rest_route=\/wp\/v2\/posts\/27954\/revisions"}],"predecessor-version":[{"id":27955,"href":"https:\/\/encuentroinformativo.com.mx\/index.php?rest_route=\/wp\/v2\/posts\/27954\/revisions\/27955"}],"wp:featuredmedia":[{"embeddable":true,"href":"https:\/\/encuentroinformativo.com.mx\/index.php?rest_route=\/wp\/v2\/media\/27953"}],"wp:attachment":[{"href":"https:\/\/encuentroinformativo.com.mx\/index.php?rest_route=%2Fwp%2Fv2%2Fmedia&parent=27954"}],"wp:term":[{"taxonomy":"category","embeddable":true,"href":"https:\/\/encuentroinformativo.com.mx\/index.php?rest_route=%2Fwp%2Fv2%2Fcategories&post=27954"},{"taxonomy":"post_tag","embeddable":true,"href":"https:\/\/encuentroinformativo.com.mx\/index.php?rest_route=%2Fwp%2Fv2%2Ftags&post=27954"}],"curies":[{"name":"wp","href":"https:\/\/api.w.org\/{rel}","templated":true}]}}