{"id":27959,"date":"2022-05-31T19:37:24","date_gmt":"2022-06-01T00:37:24","guid":{"rendered":"https:\/\/encuentroinformativo.com.mx\/?p=27959"},"modified":"2022-05-31T19:37:27","modified_gmt":"2022-06-01T00:37:27","slug":"supervisa-alcalde-jm-unanue-limpieza-del-canal-del-dren-b","status":"publish","type":"post","link":"https:\/\/encuentroinformativo.com.mx\/?p=27959","title":{"rendered":"Supervisa Alcalde JM Un\u00e1nue limpieza del canal del Dren B"},"content":{"rendered":"\n<p><strong>*<em>Seguiremos pendientes de todas las zonas de Boca del R\u00edo, destac\u00f3 el alcalde<\/em>.<\/strong><\/p>\n\n\n\n<p>Boca del R\u00edo, Ver.- Ante la llegada de la temporada de lluvias, el Ayuntamiento de Boca del R\u00edo, encabezado por el alcalde Juan Manuel Un\u00e1nue Abascal, realiz\u00f3 trabajos de limpieza y desazolve del canal ubicado en la zona del Dren B.<\/p>\n\n\n\n<p>\u201cSe limpiar\u00e1 el dren pluvial denominado Dren B, que est\u00e1 ubicado en la porci\u00f3n noroeste del municipio y que se divide en tres fracciones; la \u2018B\u2019 que corre en direcci\u00f3n este-oeste por la calle Pino, inicia en la calle D\u00edaz Ordaz y desemboca en el Canal de la Zamorana.<\/p>\n\n\n\n<p>\u201cLa \u2018B1\u2019 que inicia en la Av. C\u00e1ndido Aguilar y\/o calle 8, transita sobre la Av. 43 o calle D\u00edaz Ordaz, sigue por la calle Altamirano hasta conectarse con \u00e9l la \u00faltima fracci\u00f3n; la \u2018B2\u2019 misma que contin\u00faa por la Av. 47 hacia el sur, hasta desembocar en el Arroyo Moreno en la fracci\u00f3n este\u201d, detall\u00f3.<\/p>\n\n\n\n<p>Asimismo, el alcalde explic\u00f3 que se est\u00e1 recuperando lirio, basura, limpieza de tragatomentas con maquinaria pesada y personal especializado, aclarando adem\u00e1s que \u201clos niveles de agua no representan ning\u00fan riesgo de inundaci\u00f3n\u201d, por lo que se seguir\u00e1n al pendiente de todas las zonas de Boca del R\u00edo.<\/p>\n\n\n\n<p>El trabajo preventivo se realiza en aproximadamente 2.1 kil\u00f3metros de longitud, en coordinaci\u00f3n con la Compa\u00f1\u00eda de Agua del Municipio de Boca del R\u00edo (CAB).<\/p>\n\n\n\n<p>\u201cDicho saneamiento y la revitalizaci\u00f3n, permitir\u00e1n mejorar las condiciones de vida de los ciudadanos, ya que se pretende disminuir los \u00edndices de contaminaci\u00f3n al sanear los drenes\u201d, dijo.<\/p>\n\n\n\n<p>Al final, el alcalde Juan Manuel Un\u00e1nue Abascal , hizo un llamado a los ciudadanos, a no arrojar ning\u00fan tipo de basura hacia el canal, con ello, evitar alg\u00fan tipo de taponamiento.<\/p>\n","protected":false},"excerpt":{"rendered":"<p>*Seguiremos pendientes de todas las zonas de Boca del R\u00edo, destac\u00f3 el alcalde. Boca del R\u00edo, Ver.- Ante la llegada de la temporada de lluvias, el Ayuntamiento de Boca del R\u00edo, encabezado por el alcalde Juan Manuel Un\u00e1nue Abascal, realiz\u00f3 trabajos de limpieza y desazolve del canal ubicado en la zona del Dren B. \u201cSe [&hellip;]<\/p>\n","protected":false},"author":1,"featured_media":27960,"comment_status":"open","ping_status":"open","sticky":false,"template":"","format":"standard","meta":{"_jetpack_memberships_contains_paid_content":false,"footnotes":""},"categories":[2],"tags":[],"class_list":["post-27959","post","type-post","status-publish","format-standard","has-post-thumbnail","hentry","category-estado"],"jetpack_featured_media_url":"https:\/\/encuentroinformativo.com.mx\/wp-content\/uploads\/2022\/05\/74476B25-AE8B-4A11-8ED9-EC5F7293B7DD.jpeg","jetpack_sharing_enabled":true,"jetpack_likes_enabled":true,"amp_enabled":true,"_links":{"self":[{"href":"https:\/\/encuentroinformativo.com.mx\/index.php?rest_route=\/wp\/v2\/posts\/27959","targetHints":{"allow":["GET"]}}],"collection":[{"href":"https:\/\/encuentroinformativo.com.mx\/index.php?rest_route=\/wp\/v2\/posts"}],"about":[{"href":"https:\/\/encuentroinformativo.com.mx\/index.php?rest_route=\/wp\/v2\/types\/post"}],"author":[{"embeddable":true,"href":"https:\/\/encuentroinformativo.com.mx\/index.php?rest_route=\/wp\/v2\/users\/1"}],"replies":[{"embeddable":true,"href":"https:\/\/encuentroinformativo.com.mx\/index.php?rest_route=%2Fwp%2Fv2%2Fcomments&post=27959"}],"version-history":[{"count":1,"href":"https:\/\/encuentroinformativo.com.mx\/index.php?rest_route=\/wp\/v2\/posts\/27959\/revisions"}],"predecessor-version":[{"id":27961,"href":"https:\/\/encuentroinformativo.com.mx\/index.php?rest_route=\/wp\/v2\/posts\/27959\/revisions\/27961"}],"wp:featuredmedia":[{"embeddable":true,"href":"https:\/\/encuentroinformativo.com.mx\/index.php?rest_route=\/wp\/v2\/media\/27960"}],"wp:attachment":[{"href":"https:\/\/encuentroinformativo.com.mx\/index.php?rest_route=%2Fwp%2Fv2%2Fmedia&parent=27959"}],"wp:term":[{"taxonomy":"category","embeddable":true,"href":"https:\/\/encuentroinformativo.com.mx\/index.php?rest_route=%2Fwp%2Fv2%2Fcategories&post=27959"},{"taxonomy":"post_tag","embeddable":true,"href":"https:\/\/encuentroinformativo.com.mx\/index.php?rest_route=%2Fwp%2Fv2%2Ftags&post=27959"}],"curies":[{"name":"wp","href":"https:\/\/api.w.org\/{rel}","templated":true}]}}