{"id":27966,"date":"2022-06-01T10:10:00","date_gmt":"2022-06-01T15:10:00","guid":{"rendered":"https:\/\/encuentroinformativo.com.mx\/?p=27966"},"modified":"2022-06-01T10:10:03","modified_gmt":"2022-06-01T15:10:03","slug":"inician-trabajos-sobre-calle-clavijero-tome-vias-alternas","status":"publish","type":"post","link":"https:\/\/encuentroinformativo.com.mx\/?p=27966","title":{"rendered":"Inician trabajos sobre calle Clavijero; \u00a1tome v\u00edas alternas!"},"content":{"rendered":"\n<p>Xalapa, Ver.- Desde temprana hora de este mi\u00e9rcoles fue cerrada la calle Clavijero entre Altamirano y \u00c1vila Camacho, para dar inicio a los trabajos de rehabilitaci\u00f3n de la carpeta asf\u00e1ltica con concreto hidr\u00e1ulico, la cual tendr\u00e1 una inversi\u00f3n de 8 millones de pesos.<\/p>\n\n\n\n<p>Al momento la calle de Ju\u00e1rez se mantiene abierta a la circulaci\u00f3n vehicular. <br><\/p>\n\n\n\n<figure class=\"wp-block-image size-large\"><img loading=\"lazy\" decoding=\"async\" width=\"1024\" height=\"768\" src=\"https:\/\/encuentroinformativo.com.mx\/wp-content\/uploads\/2022\/06\/353B5464-4621-4560-9619-EFF811A30B5A-1024x768.jpeg\" alt=\"\" class=\"wp-image-27968\" srcset=\"https:\/\/encuentroinformativo.com.mx\/wp-content\/uploads\/2022\/06\/353B5464-4621-4560-9619-EFF811A30B5A-1024x768.jpeg 1024w, https:\/\/encuentroinformativo.com.mx\/wp-content\/uploads\/2022\/06\/353B5464-4621-4560-9619-EFF811A30B5A-300x225.jpeg 300w, https:\/\/encuentroinformativo.com.mx\/wp-content\/uploads\/2022\/06\/353B5464-4621-4560-9619-EFF811A30B5A-768x576.jpeg 768w, https:\/\/encuentroinformativo.com.mx\/wp-content\/uploads\/2022\/06\/353B5464-4621-4560-9619-EFF811A30B5A-1536x1152.jpeg 1536w, https:\/\/encuentroinformativo.com.mx\/wp-content\/uploads\/2022\/06\/353B5464-4621-4560-9619-EFF811A30B5A.jpeg 1600w\" sizes=\"auto, (max-width: 1024px) 100vw, 1024px\" \/><\/figure>\n\n\n\n<figure class=\"wp-block-image size-large\"><img loading=\"lazy\" decoding=\"async\" width=\"1024\" height=\"768\" src=\"https:\/\/encuentroinformativo.com.mx\/wp-content\/uploads\/2022\/06\/EE74EA1B-937B-462A-8F36-9C2E828CF1DD-1024x768.jpeg\" alt=\"\" class=\"wp-image-27969\" srcset=\"https:\/\/encuentroinformativo.com.mx\/wp-content\/uploads\/2022\/06\/EE74EA1B-937B-462A-8F36-9C2E828CF1DD-1024x768.jpeg 1024w, https:\/\/encuentroinformativo.com.mx\/wp-content\/uploads\/2022\/06\/EE74EA1B-937B-462A-8F36-9C2E828CF1DD-300x225.jpeg 300w, https:\/\/encuentroinformativo.com.mx\/wp-content\/uploads\/2022\/06\/EE74EA1B-937B-462A-8F36-9C2E828CF1DD-768x576.jpeg 768w, https:\/\/encuentroinformativo.com.mx\/wp-content\/uploads\/2022\/06\/EE74EA1B-937B-462A-8F36-9C2E828CF1DD-1536x1152.jpeg 1536w, https:\/\/encuentroinformativo.com.mx\/wp-content\/uploads\/2022\/06\/EE74EA1B-937B-462A-8F36-9C2E828CF1DD.jpeg 1600w\" sizes=\"auto, (max-width: 1024px) 100vw, 1024px\" \/><\/figure>\n\n\n\n<figure class=\"wp-block-image size-large\"><img loading=\"lazy\" decoding=\"async\" width=\"1024\" height=\"768\" src=\"https:\/\/encuentroinformativo.com.mx\/wp-content\/uploads\/2022\/06\/AFA61FE2-D20C-4655-8439-47846806A46E-1024x768.jpeg\" alt=\"\" class=\"wp-image-27970\" srcset=\"https:\/\/encuentroinformativo.com.mx\/wp-content\/uploads\/2022\/06\/AFA61FE2-D20C-4655-8439-47846806A46E-1024x768.jpeg 1024w, https:\/\/encuentroinformativo.com.mx\/wp-content\/uploads\/2022\/06\/AFA61FE2-D20C-4655-8439-47846806A46E-300x225.jpeg 300w, https:\/\/encuentroinformativo.com.mx\/wp-content\/uploads\/2022\/06\/AFA61FE2-D20C-4655-8439-47846806A46E-768x576.jpeg 768w, https:\/\/encuentroinformativo.com.mx\/wp-content\/uploads\/2022\/06\/AFA61FE2-D20C-4655-8439-47846806A46E-1536x1152.jpeg 1536w, https:\/\/encuentroinformativo.com.mx\/wp-content\/uploads\/2022\/06\/AFA61FE2-D20C-4655-8439-47846806A46E.jpeg 1600w\" sizes=\"auto, (max-width: 1024px) 100vw, 1024px\" \/><\/figure>\n","protected":false},"excerpt":{"rendered":"<p>Xalapa, Ver.- Desde temprana hora de este mi\u00e9rcoles fue cerrada la calle Clavijero entre Altamirano y \u00c1vila Camacho, para dar inicio a los trabajos de rehabilitaci\u00f3n de la carpeta asf\u00e1ltica con concreto hidr\u00e1ulico, la cual tendr\u00e1 una inversi\u00f3n de 8 millones de pesos. Al momento la calle de Ju\u00e1rez se mantiene abierta a la circulaci\u00f3n [&hellip;]<\/p>\n","protected":false},"author":1,"featured_media":27967,"comment_status":"open","ping_status":"open","sticky":false,"template":"","format":"standard","meta":{"_jetpack_memberships_contains_paid_content":false,"footnotes":""},"categories":[3],"tags":[],"class_list":["post-27966","post","type-post","status-publish","format-standard","has-post-thumbnail","hentry","category-xalapa"],"jetpack_featured_media_url":"https:\/\/encuentroinformativo.com.mx\/wp-content\/uploads\/2022\/06\/44ACF2F4-C508-4D50-A22D-BD7FAB0F52EC.jpeg","jetpack_sharing_enabled":true,"jetpack_likes_enabled":true,"amp_enabled":true,"_links":{"self":[{"href":"https:\/\/encuentroinformativo.com.mx\/index.php?rest_route=\/wp\/v2\/posts\/27966","targetHints":{"allow":["GET"]}}],"collection":[{"href":"https:\/\/encuentroinformativo.com.mx\/index.php?rest_route=\/wp\/v2\/posts"}],"about":[{"href":"https:\/\/encuentroinformativo.com.mx\/index.php?rest_route=\/wp\/v2\/types\/post"}],"author":[{"embeddable":true,"href":"https:\/\/encuentroinformativo.com.mx\/index.php?rest_route=\/wp\/v2\/users\/1"}],"replies":[{"embeddable":true,"href":"https:\/\/encuentroinformativo.com.mx\/index.php?rest_route=%2Fwp%2Fv2%2Fcomments&post=27966"}],"version-history":[{"count":1,"href":"https:\/\/encuentroinformativo.com.mx\/index.php?rest_route=\/wp\/v2\/posts\/27966\/revisions"}],"predecessor-version":[{"id":27971,"href":"https:\/\/encuentroinformativo.com.mx\/index.php?rest_route=\/wp\/v2\/posts\/27966\/revisions\/27971"}],"wp:featuredmedia":[{"embeddable":true,"href":"https:\/\/encuentroinformativo.com.mx\/index.php?rest_route=\/wp\/v2\/media\/27967"}],"wp:attachment":[{"href":"https:\/\/encuentroinformativo.com.mx\/index.php?rest_route=%2Fwp%2Fv2%2Fmedia&parent=27966"}],"wp:term":[{"taxonomy":"category","embeddable":true,"href":"https:\/\/encuentroinformativo.com.mx\/index.php?rest_route=%2Fwp%2Fv2%2Fcategories&post=27966"},{"taxonomy":"post_tag","embeddable":true,"href":"https:\/\/encuentroinformativo.com.mx\/index.php?rest_route=%2Fwp%2Fv2%2Ftags&post=27966"}],"curies":[{"name":"wp","href":"https:\/\/api.w.org\/{rel}","templated":true}]}}